{"id":117602,"date":"2021-05-29T15:32:04","date_gmt":"2021-05-29T19:32:04","guid":{"rendered":"https:\/\/linitiative.ca\/International\/belmadi-convoque-30-joueurs-pour-le-stage-de-juin-sans-bennacer-delort-et-ferhat-de-retour\/"},"modified":"2021-05-29T15:32:04","modified_gmt":"2021-05-29T19:32:04","slug":"belmadi-convoque-30-joueurs-pour-le-stage-de-juin-sans-bennacer-delort-et-ferhat-de-retour","status":"publish","type":"post","link":"https:\/\/linitiative.ca\/International\/belmadi-convoque-30-joueurs-pour-le-stage-de-juin-sans-bennacer-delort-et-ferhat-de-retour\/","title":{"rendered":"Belmadi convoque 30 joueurs pour le stage de Juin : Sans Bennacer, Delort et Ferhat de retour"},"content":{"rendered":"<h4 class=\"title-14\"\/>\n<div class=\"featured_image\"><img loading=\"lazy\" decoding=\"async\" width=\"896\" height=\"504\" src=\"https:\/\/www.elwatan.com\/wp-content\/uploads\/2021\/05\/liste-belmadi-1.jpg\" class=\"attachment-post-thumbnail size-post-thumbnail wp-post-image\" alt=\"\" srcset=\"https:\/\/www.elwatan.com\/wp-content\/uploads\/2021\/05\/liste-belmadi-1.jpg 896w, https:\/\/www.elwatan.com\/wp-content\/uploads\/2021\/05\/liste-belmadi-1-300x169.jpg 300w, https:\/\/www.elwatan.com\/wp-content\/uploads\/2021\/05\/liste-belmadi-1-768x432.jpg 768w\" sizes=\"auto, (max-width: 896px) 100vw, 896px\"\/><\/div>\n<p>Le s\u00e9lectionneur national des Verts, Djamel Belmadi a d\u00e9voil\u00e9 ce samedi, la liste des 30 joueurs retenus pour le stage de la s\u00e9lection Alg\u00e9rienne de Football, qui d\u00e9butera officiellement lundi 31 Mai, et qui sera ponctu\u00e9 sur trois match amicaux face respectivement \u00e0 la Mauritanie (3 juin), le Mali (6 Juin), et la Tunisie (11 Juin, \u00e0 Tunis).<br \/>Comme il fallait s\u2019y attendre, Djamel Belmadi a fait appel \u00e0 la majorit\u00e9 des \u00e9l\u00e9ments qui avaient pris part au dernier stage (Mars-2021), dont les deux nouveaux, Ahmed Touba et Ramiz Zerrouki. On notera toutes-fois la d\u00e9fection du milieu de terrain du Milan AC, Isma\u00efl Bennacer, et le retour de Zinedine Ferhat et Andy Delort qu\u2019il avait \u00e9cart\u00e9 lors du dernier regroupement. Il y a aussi lieu de signaler le retour du duo de Nice Boudaoui-Atal, absent en mars pour cause de blessure.<br \/>En outre, Djamel Belmadi qui avait surpris, en faisant appel \u00e0 trois jeunes gardiens, n\u2019a retenu finalement que le soci\u00e9taire de l\u2019Olympique de M\u00e9d\u00e9a, Abderrahmane Medjadel, qui accompagnera les trois gardiens habituels pour les trois matchs amicaux au programme. C\u2019est d\u2019ailleurs le seul joueur \u00e9voluant en Alg\u00e9rie retenu par Belmadi. Les deux autres portiers, \u00e0 savoir Boulhenda (Nice) et Mellala (CA Batna), qui avaient rejoint le lieu de regroupement des Verts, Mercredi soir dernier, devraient poursuivre la pr\u00e9paration avec la s\u00e9lection, mais ne seront pas concern\u00e9s par les trois joutes amicales que les Verts disputeront durant ce regroupement.<\/p>\n<p>La liste des convoqu\u00e9s :<br \/>Gardiens de but :<br \/>Rais M\u2019Bolhi, Alexandre Oukidja, Azzedine Doukha, Abderrahmane Medjadel<\/p>\n<p>D\u00e9fenseurs :<br \/>Mehdi Zeffane, Ayoub Abdellaoui, Youcef Atal, Ramy Bensebaini, Djamel Benlamri, Mehdi Tahrat, A\u00efssa Mandi, Ahmed Touba, Abdelkader Bedrane<\/p>\n<p>Milieux de terrain :<br \/>Mehdi Abeid, Adl\u00e8ne Guedioura, Ramiz Zerrouki, Sofiane Feghouli, Haris Belkebla, Farid Boulaya, Hicham Boudaoui, Mehdi Zerkane<\/p>\n<p>Attaquants :<br \/>Islam Slimani, Baghdad Bounedjah, Andy Delort, Riyad Mahrez, Youcef Bela\u00efli, Zinedine Ferhat, Rachid Ghezzal, Sa\u00efd Benrahma, Adam Ounas<\/p>\n<p><span class=\"post-views-label\">Post Views:<\/span> <span class=\"post-views-count\">268<\/span><\/p>\n<p><br class=\"c2\"\/><\/p>\n<div class=\"ichhar-moneytagnative c4\" id=\"ichhar-628316091\">\n<p>Advertisements<\/p>\n<\/div>\n<p><br class=\"c2\"\/><br \/>\n<br class=\"c5\"\/><br \/>\nAuteur: Abdelghani Aichoun<br \/>\n<a href=\"https:\/\/www.elwatan.com\/edition\/sports\/belmadi-convoque-30-joueurs-pour-le-stage-de-juin-sans-bennacer-delort-et-ferhat-de-retour-29-05-2021\">Cliquez ici pour lire l&rsquo;article depuis sa source.<\/a><\/p>\n","protected":false},"excerpt":{"rendered":"<p>Le s\u00e9lectionneur national des Verts, Djamel Belmadi a d\u00e9voil\u00e9 ce samedi, la liste des 30 joueurs retenus pour le stage de la s\u00e9lection Alg\u00e9rienne de Football, qui d\u00e9butera officiellement lundi 31 Mai, et qui sera ponctu\u00e9 sur trois match amicaux face respectivement \u00e0 la Mauritanie (3 juin), le Mali (6 Juin), et la Tunisie (11 [&hellip;]<\/p>\n","protected":false},"author":1743,"featured_media":0,"comment_status":"closed","ping_status":"closed","sticky":false,"template":"","format":"standard","meta":{"fifu_image_url":"https:\/\/www.elwatan.com\/wp-content\/uploads\/2021\/05\/liste-belmadi-1.jpg","fifu_image_alt":"Belmadi convoque 30 joueurs pour le stage de Juin : Sans Bennacer, Delort et Ferhat de retour","footnotes":""},"categories":[73,53],"tags":[],"class_list":["post-117602","post","type-post","status-publish","format-standard","hentry","category-actualite","category-algerie"],"_links":{"self":[{"href":"https:\/\/linitiative.ca\/International\/wp-json\/wp\/v2\/posts\/117602","targetHints":{"allow":["GET"]}}],"collection":[{"href":"https:\/\/linitiative.ca\/International\/wp-json\/wp\/v2\/posts"}],"about":[{"href":"https:\/\/linitiative.ca\/International\/wp-json\/wp\/v2\/types\/post"}],"author":[{"embeddable":true,"href":"https:\/\/linitiative.ca\/International\/wp-json\/wp\/v2\/users\/1743"}],"replies":[{"embeddable":true,"href":"https:\/\/linitiative.ca\/International\/wp-json\/wp\/v2\/comments?post=117602"}],"version-history":[{"count":0,"href":"https:\/\/linitiative.ca\/International\/wp-json\/wp\/v2\/posts\/117602\/revisions"}],"wp:attachment":[{"href":"https:\/\/linitiative.ca\/International\/wp-json\/wp\/v2\/media?parent=117602"}],"wp:term":[{"taxonomy":"category","embeddable":true,"href":"https:\/\/linitiative.ca\/International\/wp-json\/wp\/v2\/categories?post=117602"},{"taxonomy":"post_tag","embeddable":true,"href":"https:\/\/linitiative.ca\/International\/wp-json\/wp\/v2\/tags?post=117602"}],"curies":[{"name":"wp","href":"https:\/\/api.w.org\/{rel}","templated":true}]}}