{"id":117605,"date":"2021-05-29T12:34:00","date_gmt":"2021-05-29T16:34:00","guid":{"rendered":"https:\/\/linitiative.ca\/International\/presentation-du-numero-de-juin-de-leaders-mestiri-le-democrate\/"},"modified":"2021-05-29T12:34:00","modified_gmt":"2021-05-29T16:34:00","slug":"presentation-du-numero-de-juin-de-leaders-mestiri-le-democrate","status":"publish","type":"post","link":"https:\/\/linitiative.ca\/International\/presentation-du-numero-de-juin-de-leaders-mestiri-le-democrate\/","title":{"rendered":"Pr\u00e9sentation du num\u00e9ro de juin de Leaders: Mestiri, le D\u00e9mocrate"},"content":{"rendered":"<p>Les Tunisiens ont accompagn\u00e9 la semaine derni\u00e8re celui qu&rsquo;on a appel\u00e9 le p\u00e8re de la d\u00e9mocratie tunisienne, Ahmed Mestiri \u00e0 sa derni\u00e8re demeure. Ce titre, il le m\u00e9ritait amplement. Il a \u00e9t\u00e9 le premier, dans les hautes sph\u00e8res du pouvoir, \u00e0 soulever la question de la d\u00e9mocratie au d\u00e9but des ann\u00e9es 7O, n&rsquo;h\u00e9sitant pas \u00e0 d\u00e9missionner de son poste de ministre face \u00e0 l&rsquo;opposition de Bourguiba.Il en paiera le prix: Une longue travers\u00e9e du d\u00e9sert, et une carri\u00e8re politique pourtant prometteuse bris\u00e9e. Mestiri venait de toucher \u00e0 un sujet tabou. Crconstance aggravante, il quitte le parti pour ensuite fonder un parti, le MDS.<\/p>\n<p>le N\u00b0de juin de <span class=\"c2\"><strong>Leaders<\/strong><\/span> lui d\u00e9die sa couverture et lui consacre 11pages abondamment illustr\u00e9es.\u00a0<\/p>\n<p>La revue rend \u00e9galement hommage \u00e0 un autre tunisien illustre qui partage les m\u00eames id\u00e9aux qu&rsquo;Ahmed Mestiri, la d\u00e9mocratie et pr\u00e9cis\u00e9ment la libert\u00e9 d&rsquo;exppression et qui avait eu lui aussi maille \u00e0 partir avec Bourguiba. Il s&rsquo;agit du grand journaliste B\u00e9chir Ben Yahmed qui vient de nous quitter.\u00a0<\/p>\n<p>Dans un article consacr\u00e9 \u00e0 la confrontation entre Isra\u00ebl et Hamas, Leaders s&rsquo;nterroge :saura-t-on \u00e9viter la 5e guerre?<\/p>\n<p>La revue revient \u00e9galement sur le r\u00e9chauffement des relations tuniso-libyennes. Dans un dossier de 6 pages. La revue revient sur le rencontre qui a r\u00e9uniles hommes d&rsquo;affaaires tunisien et libyens.\u00a0\u00bbDes retrouvailles prometteuses\u00a0\u00bb commente <span class=\"c2\"><strong>Leaders<\/strong><\/span>.\u00a0<\/p>\n<p><span class=\"c3\"><strong>Sommaire<\/strong><\/span><\/p>\n<p><span class=\"c4\"><strong>Opinion<\/strong><\/span><\/p>\n<p><span class=\"c4\"><strong>\u2022<\/strong><\/span> Les risques de la d\u00e9fiance \u00e0 l\u2019\u00e9gard des politiques au pouvoir<br \/><span class=\"c5\"><em>\u00a0\u00a0 Par Riadh Zghal<\/em><\/span><\/p>\n<p><span class=\"c6\"><strong>En couverture<\/strong><\/span><\/p>\n<p><span class=\"c4\"><strong>\u2022<\/strong><\/span> Ahmed Mestiri : l\u2019homme qui a os\u00e9 dire non \u00e0 Bourguiba et \u00e0 Ben Ali<br \/><span class=\"c5\"><em>\u00a0\u00a0 Par Aziz Krichen<\/em><\/span><\/p>\n<p><span class=\"c4\"><strong>\u2022<\/strong><\/span> Si Ahmed : la rigueur, l\u2019audace et la lucidit\u00e9<br \/><span class=\"c5\"><em>\u00a0\u00a0 \u00a0Par Hamouda Ben Slama<\/em><\/span><\/p>\n<p><span class=\"c4\"><strong>\u2022<\/strong><\/span> Libye : De grands espoirs<\/p>\n<p><span class=\"c7\"><strong>Nation<\/strong><\/span><\/p>\n<p><span class=\"c4\"><strong>\u2022<\/strong><\/span> Banques\u00a0 : la nouvelle cartographie<\/p>\n<p><span class=\"c7\"><strong>Chronique<\/strong><\/span><\/p>\n<p><span class=\"c4\"><strong>\u2022<\/strong><\/span> L\u2019eucalyptus et la syphilis<br \/><span class=\"c5\"><em>\u00a0\u00a0 Par Habib Touhami<\/em><\/span><\/p>\n<p><span class=\"c7\"><strong>International<\/strong><\/span><\/p>\n<p><span class=\"c4\"><strong>\u2022<\/strong><\/span> Hamas en hausse, Abbas en baisse<br \/><span class=\"c5\"><em>\u00a0\u00a0 Par Abdelaziz Kacem<\/em><\/span><\/p>\n<p><span class=\"c4\"><strong>\u2022<\/strong><\/span> Apr\u00e8s la 4e guerre isra\u00e9lienne contre Gaza, saura-t-on \u00e9viter la 5e ?<br \/><span class=\"c5\"><em>\u00a0\u00a0 Par Mohamed Ibrahim Hsairi<\/em><\/span><\/p>\n<p><span class=\"c7\"><strong>Soci\u00e9t\u00e9<\/strong><\/span><\/p>\n<p><span class=\"c4\"><strong>\u2022<\/strong><\/span> Un fils de la m\u00e9dina d\u2019envergure universelle : Ibn Khaldoun<br \/><span class=\"c5\"><em>\u00a0\u00a0 Par Mohamed El Aziz Ben Achour<\/em><\/span><\/p>\n<p><span class=\"c4\"><strong>\u2022<\/strong><\/span> L\u2019histoire \u00e0 Rome de C\u00e9sar \u00e0 Auguste<br \/><em><span class=\"c5\">\u00a0\u00a0 Par Ammar Mahjoubi<\/span><\/em><\/p>\n<p><span class=\"c4\"><strong>\u2022<\/strong><\/span> M\u00e9moires de basketteur, cent ans de basket en Tunisie<\/p>\n<p><span class=\"c4\"><strong>\u2022<\/strong><\/span> Le plaidoyer de Yadh Ben Achour<\/p>\n<p><span class=\"c4\"><strong>\u2022<\/strong><\/span> Jean Fontaine : le migrant invers\u00e9<\/p>\n<p><span class=\"c4\"><strong>\u2022<\/strong><\/span> Si B\u00e9chir : un ma\u00eetre pour moi. Et quel ma\u00eetre !<br \/><span class=\"c5\"><em>\u00a0\u00a0 Par Afif Ben Yedder<\/em><\/span><\/p>\n<p><span class=\"c4\"><strong>\u2022<\/strong><\/span> Bechir Ben Yahmed, parcours path\u00e9tique<br \/><span class=\"c5\"><em>\u00a0\u00a0 Par Tahar Belkhodja<\/em><\/span><\/p>\n<p><span class=\"c4\"><strong>\u2022<\/strong><\/span> Mongi Ellouze, le militant irr\u00e9ductible<\/p>\n<p><span class=\"c4\"><strong>\u2022<\/strong><\/span> Le colonel Mohamed Kasdallah, un chef militaire \u00e9rudit<\/p>\n<p><span class=\"c7\"><strong>Billet<\/strong><\/span><\/p>\n<p><span class=\"c4\"><strong>\u2022<\/strong><\/span> \u00abJe suis votre chef, donc je vous suis\u00bb<br \/><span class=\"c5\"><em>\u00a0\u00a0 \u00a0Par H\u00e9di B\u00e9hi<\/em><\/span><\/p>\n<p>Auteur:<br \/>\n<a href=\"https:\/\/www.leaders.com.tn\/article\/31948-presentation-du-numero-de-juin-de-leaders-mestiri-le-democrate\">Cliquez ici pour lire l&rsquo;article depuis sa source.<\/a><\/p>\n","protected":false},"excerpt":{"rendered":"<p>Les Tunisiens ont accompagn\u00e9 la semaine derni\u00e8re celui qu&rsquo;on a appel\u00e9 le p\u00e8re de la d\u00e9mocratie tunisienne, Ahmed Mestiri \u00e0 sa derni\u00e8re demeure. Ce titre, il le m\u00e9ritait amplement. Il a \u00e9t\u00e9 le premier, dans les hautes sph\u00e8res du pouvoir, \u00e0 soulever la question de la d\u00e9mocratie au d\u00e9but des ann\u00e9es 7O, n&rsquo;h\u00e9sitant pas \u00e0 [&hellip;]<\/p>\n","protected":false},"author":1772,"featured_media":0,"comment_status":"closed","ping_status":"closed","sticky":false,"template":"","format":"standard","meta":{"fifu_image_url":"","fifu_image_alt":"","footnotes":""},"categories":[73,55],"tags":[],"class_list":["post-117605","post","type-post","status-publish","format-standard","hentry","category-actualite","category-tunisie"],"_links":{"self":[{"href":"https:\/\/linitiative.ca\/International\/wp-json\/wp\/v2\/posts\/117605","targetHints":{"allow":["GET"]}}],"collection":[{"href":"https:\/\/linitiative.ca\/International\/wp-json\/wp\/v2\/posts"}],"about":[{"href":"https:\/\/linitiative.ca\/International\/wp-json\/wp\/v2\/types\/post"}],"author":[{"embeddable":true,"href":"https:\/\/linitiative.ca\/International\/wp-json\/wp\/v2\/users\/1772"}],"replies":[{"embeddable":true,"href":"https:\/\/linitiative.ca\/International\/wp-json\/wp\/v2\/comments?post=117605"}],"version-history":[{"count":0,"href":"https:\/\/linitiative.ca\/International\/wp-json\/wp\/v2\/posts\/117605\/revisions"}],"wp:attachment":[{"href":"https:\/\/linitiative.ca\/International\/wp-json\/wp\/v2\/media?parent=117605"}],"wp:term":[{"taxonomy":"category","embeddable":true,"href":"https:\/\/linitiative.ca\/International\/wp-json\/wp\/v2\/categories?post=117605"},{"taxonomy":"post_tag","embeddable":true,"href":"https:\/\/linitiative.ca\/International\/wp-json\/wp\/v2\/tags?post=117605"}],"curies":[{"name":"wp","href":"https:\/\/api.w.org\/{rel}","templated":true}]}}