{"id":117609,"date":"2021-05-28T17:39:09","date_gmt":"2021-05-28T21:39:09","guid":{"rendered":"https:\/\/linitiative.ca\/International\/mostafa-terrab-pdg-de-locp-nos-plans-de-developpement-en-cours-et-nos-futurs-investissements-sont-inscrits-dans-un-developpement-vert\/"},"modified":"2021-05-28T17:39:09","modified_gmt":"2021-05-28T21:39:09","slug":"mostafa-terrab-pdg-de-locp-nos-plans-de-developpement-en-cours-et-nos-futurs-investissements-sont-inscrits-dans-un-developpement-vert","status":"publish","type":"post","link":"https:\/\/linitiative.ca\/International\/mostafa-terrab-pdg-de-locp-nos-plans-de-developpement-en-cours-et-nos-futurs-investissements-sont-inscrits-dans-un-developpement-vert\/","title":{"rendered":"Mostafa Terrab, PDG de l\u2019OCP :\u00abnos plans de d\u00e9veloppement en cours et nos futurs investissements sont inscrits dans un d\u00e9veloppement vert\u00bb"},"content":{"rendered":"<p><strong>Le groupe OCP poursuit sa dynamique de d\u00e9veloppement sous la houlette de son PDG, Mostafa Terrab. Le leader mondial du secteur des fertilisants et d\u00e9riv\u00e9s a en effet multipli\u00e9 ses investissements dans des projets structurants ces 15 derni\u00e8res ann\u00e9es tant au Maroc que sur le continent africain. Dans l\u2019interview exclusive accord\u00e9e au journal panafricain JeuneAfrique pour sa publication du mois de Juin 2021, Mostafa Terrab \u00e9voque ainsi les diff\u00e9rents d\u00e9fis du groupe, l\u2019impact de la pand\u00e9mie du coronavirus, la feuille de route de l\u2019OCP sur les dix prochaines ann\u00e9es, ses nouveaux projets d\u2019investissement en Afrique\u2026<\/strong><\/p>\n<div class=\"c10\">\n<\/div>\n<p>\u00ab\u00a0Le monde fait face \u00e0 une \u00e9pid\u00e9mie in\u00e9dite dans un contexte mondial marqu\u00e9 par l\u2019ouverture et la circulation des personnes et des biens presque sans entraves. Au moment o\u00f9 les autorit\u00e9s nationales ont d\u00e9cr\u00e9t\u00e9 l\u2019urgence sanitaire et pris des mesures pr\u00e9ventives pour faire face aux effets de la pand\u00e9mie, le groupe s\u2019est organis\u00e9 pour assurer la r\u00e9silience de ses op\u00e9rations\u00a0\u00bb, sonne d\u2019entr\u00e9e le patron de l\u2019OCP, qui fait partie des 500 premi\u00e8res entreprises africaines. \u00ab\u00a0La progression de notre chiffre d\u2019affaires dans un contexte de bas de cycle, marqu\u00e9 \u00e9galement par la plainte d\u00e9pos\u00e9e par notre concurrent am\u00e9ricain, est remarquable. Nous nous sommes rapidement adapt\u00e9s \u00e0 un march\u00e9 global o\u00f9 nos activit\u00e9s sont naturellement li\u00e9es au secteur agroalimentaire. Par ailleurs, nous nous sommes attach\u00e9s \u00e0 r\u00e9duire nos co\u00fbts de production. Je saisis l\u2019occasion pour rendre hommage \u00e0 l\u2019ensemble des collaborateurs d\u2019OCP pour cet engagement remarquable\u00a0\u00bb, poursuit-il. Quant aux objectifs du groupe pour cette ann\u00e9e, Mostafa Terrab s\u2019est d\u2019abord f\u00e9licit\u00e9 du fait que l\u2019OCP est un acteur int\u00e9gr\u00e9 sur l\u2019ensemble de la cha\u00eene des fertilisants, de la roche de phosphate aux engrais en passant par l\u2019acide phosphorique, qui est un produit interm\u00e9diaire servant \u00e0 la fabrication d\u2019engrais et \u00e0 d\u2019autres utilisations alimentaires ou techniques.<\/p>\n<p>Lire aussi| <a href=\"https:\/\/www.challenge.ma\/adeline-carton-responsable-des-affaires-academiques-pole-science-technologie-de-luniversite-mohammed-vi-polytechnique-lum6p-lance-de-nouvelles-formations-pour-la-rentree-185834\/\"><strong>Adeline Carton: \u00abl\u2019UM6P lance de nouvelles formations pour la rentr\u00e9e 2021-2022\u00bb<\/strong><\/a><\/p>\n<p>\u00ab\u00a0L\u2019int\u00e9gration conf\u00e8re une flexibilit\u00e9 qui permet de s\u2019adapter \u00e0 la vari\u00e9t\u00e9 de la demande mondiale. Par ailleurs, nos ventes s\u2019\u00e9quilibrent sur les quatre continents, l\u2019Oc\u00e9anie \u00e9tant int\u00e9gr\u00e9e \u00e0 notre r\u00e9seau commercial Asie. Forts des orientations de Sa Majest\u00e9 le roi, nous travaillons \u00e0 valoriser cette ressource strat\u00e9gique pour la vie qu\u2019est le phosphore, de mani\u00e8re responsable et au b\u00e9n\u00e9fice de toute l\u2019humanit\u00e9\u00a0\u00bb, pr\u00e9cise-t-il. Sur la plainte port\u00e9e contre l\u2019OCP aux \u00c9tats-Unis pour dumping par son concurrent am\u00e9ricain Mosaic en 2020, le grand patron donne des pr\u00e9cisions cl\u00e9s. \u00ab\u00a0Il ne s\u2019agissait pas d\u2019une plainte pour dumping, distorsion anticoncurrentielle qui consiste \u00e0 vendre moins cher que le co\u00fbt de production et susceptible d\u2019\u00eatre sanctionn\u00e9e p\u00e9nalement ! Le reproche portant sur le r\u00e9gime d\u2019exploitation des ressources mini\u00e8res ne concernait pas les pratiques commerciales\u00a0\u00bb, rectifie-t-il.<\/p>\n<p>\u00ab\u00a0Je ne commenterai pas ici la d\u00e9cision des autorit\u00e9s am\u00e9ricaines. En revanche, d\u00e8s l\u2019annonce des d\u00e9cisions frappant de droits de douane nos produits, nous avons r\u00e9affirm\u00e9 notre intention de continuer \u00e0 servir les fermiers am\u00e9ricains. Nous \u00e9valuons toutes les options possibles pour approvisionner au mieux tout le march\u00e9 nord-am\u00e9ricain\u00a0\u00bb, ajoute Mostafa Terrab. En ce qui concerne la mine de Boukraa que le groupe exploite dans les provinces du sud, et au vu du regain de tension avec le polisario, Mostafa Terrab tranche. \u00ab\u00a0Comme chef d\u2019entreprise, je ne me ferai pas entra\u00eener par des tensions voulues par les adversaires de l\u2019int\u00e9grit\u00e9 territoriale nationale\u00a0\u00bb, assure-t-il, ajoutant que le groupe exploite les ressources phosphat\u00e9es de Boukraa \u00ab\u00a0en bon p\u00e8re de famille\u00a0\u00bb. Il a aussi relev\u00e9 que la reconnaissance am\u00e9ricaine de la souverainet\u00e9 marocaine sur le Sahara est un pas d\u00e9cisif. Sur un autre plan, notamment celui des nouvelles technologies, il s\u2019est r\u00e9joui du fait que le groupe ait eu recours, il y a quelque mois et en pleine pand\u00e9mie, \u00e0 la technologie de la blockchain pour l\u2019\u00e9change de documents s\u00e9curis\u00e9s et n\u00e9cessaires aux supports de paiement et \u00e0 la r\u00e9duction des temps de traitement des transactions commerciales (avec l\u2019\u00c9thiopie).<\/p>\n<p><strong>Lire aussi| <a href=\"https:\/\/www.challenge.ma\/deploiement-de-pathe-au-maroc-le-premier-multiplex-retarde-pour-2022-185313\/\">D\u00e9ploiement de Path\u00e9 au Maroc : le premier multiplex retard\u00e9 pour 2022<\/a><\/strong><\/p>\n<p>Quant \u00e0 la diversification du groupe dans plusieurs secteurs ces derni\u00e8res ann\u00e9es, le grand patron explique\u00a0: \u00ab\u00a0Deux choses sont \u00e0 distinguer. D\u2019un c\u00f4t\u00e9, l\u2019accumulation de la connaissance, la formation des talents et la recherche-d\u00e9veloppement. Toutes ces missions sont d\u00e9volues \u00e0 l\u2019UM6P. De l\u2019autre, le transfert des savoir-faire accumul\u00e9s et l\u2019int\u00e9gration des innovations au niveau d\u2019OCP. \u00c0 ce titre, le digital et l\u2019analyse des donn\u00e9es, les innovations en mati\u00e8re de recherche agricole, l\u2019eau et l\u2019\u00e9nergie sont n\u00e9cessaires pour la production, l\u2019optimisation de la supply chain, le service aux clients. Enfin, la d\u00e9carbonisation et la mobilisation de ressources en eau non conventionnelles (recyclage et dessalement) sont des leviers pour le d\u00e9veloppement durable\u00a0\u00bb. Mostafa Terrab fait aussi remarquer que le groupe a mis en place, depuis plus de deux ans, une plateforme sustainability qui int\u00e8gre les principaux objectifs de d\u00e9veloppement durable adopt\u00e9s par la communaut\u00e9 internationale, y compris l\u2019action \u00e0 l\u2019\u00e9gard des communaut\u00e9s. L\u2019OCP lorgne-t-il aussi le secteur de l\u2019h\u00f4tellerie\u00a0? \u00ab\u00a0Savez-vous que nous avons nos propres infrastructures h\u00f4teli\u00e8res et des parcs importants de logements r\u00e9sidentiels, de vill\u00e9giatures et aujourd\u2019hui estudiantins ? G\u00e9rer ce parc convenablement, \u00eatre arrim\u00e9 \u00e0 des \u00e9tablissements de prestige, former des cadres pour ce secteur, par l\u2019interm\u00e9diaire de l\u2019UM6P et de ses partenaires internationaux reconnus\u2026 Tout cela permet de g\u00e9n\u00e9rer des synergies et de nous placer avec notre partenaire, le fonds Hassan II pour le d\u00e9veloppement, au service d\u2019un secteur strat\u00e9gique pour notre pays. C\u2019est ce qui explique notre engagement\u00a0\u00bb, r\u00e9pond-t-il.<\/p>\n<p>En ce qui concerne la strat\u00e9gie africaine du groupe, Mostafa Terrab explique qu\u2019elle proc\u00e8de d\u2019une conviction: \u00ab\u00a0l\u2019Afrique a les moyens de prendre en charge son destin\u00a0\u00bb. \u00ab\u00a0Nous tentons humblement d\u2019y contribuer\u00a0\u00bb, insiste-t-il, ajoutant que l\u2019accord sign\u00e9 en mars par le groupe avec le Nig\u00e9ria r\u00e9unit les ressources phosphat\u00e9es du Maroc et les ressources gazi\u00e8res du Nigeria au service de l\u2019agriculture nig\u00e9riane et du voisinage imm\u00e9diat de ce grand pays. Quant \u00e0 savoir si l\u2019OCP multipliera ses usines partout en Afrique, le grand patron r\u00e9pond\u00a0: \u00ab\u00a0Une entreprise qui se veut mondiale multiplie les opportunit\u00e9s de croissance chaque fois que l\u2019int\u00e9r\u00eat bien compris des parties concern\u00e9es est \u00e9vident. La proximit\u00e9 permet en outre d\u2019adapter nos produits aux besoins des fermiers pour r\u00e9duire le co\u00fbt des intrants. Il convient de ne pas oublier non plus que cette croissance permise par les investissements n\u00e9cessaires au plus pr\u00e8s des march\u00e9s valorise davantage le phosphore, mis ainsi au service de tous! C\u2019est ce qui explique largement notre approche\u00a0\u00bb. Le grand patron est aussi revenu sur les divers remaniement de l\u2019\u00e9tat major du groupe OCP intervenus ces derniers mois. Mostafa Terrab a ainsi fait remarquer que comme partout ailleurs dans les grandes firmes, l\u2019OCP s\u2019adapte aux imp\u00e9ratifs strat\u00e9giques du moment et donne leur chance aux jeunes talents en veillant \u00e0 mobiliser, en permanence, l\u2019intelligence collective du groupe dans son enti\u00e8ret\u00e9. Dans ce sens, il s\u2019est f\u00e9licit\u00e9 de l\u2019int\u00e9gration \u00e0 l\u2019OCP de l\u2019ex PDG du groupe inwi.<\/p>\n<p>\u00ab\u00a0Notre groupe est fier d\u2019avoir accueilli Mme Nadia Fassi Fehri, dont les comp\u00e9tences sont largement reconnues dans le march\u00e9 des talents au Maroc. Cette dame et bon nombre de talents ont rejoint le groupe, aussi bien au niveau du corporate que de l\u2019UM6P pour renforcer nos capacit\u00e9s manag\u00e9riales et de transformation\u00a0\u00bb, s\u2019est-il r\u00e9joui. Mostafa Terrab se veut aussi rassurant sur un autre front. En effet, l\u2019Union europ\u00e9enne va faire \u00e9voluer sa r\u00e9glementation en abaissant le taux de cadmium admis dans les engrais, en raison de la toxicit\u00e9 de cette substance et ce, \u00e0 partir de 2022. Alors, quel va \u00eatre l\u2019impact de cette d\u00e9cision sur votre exportation vers l\u2019UE (20 % du total en 2020) ? A cette question, le grand patron r\u00e9pond\u00a0: \u00ab\u00a0Aujourd\u2019hui, et bien avant 2022, nous respectons les normes europ\u00e9ennes en mati\u00e8re de taux de cadmium (60 ppm), alors que tous les scientifiques sp\u00e9cialistes de la question affirment que les taux de cette substance dans le sol sont bien sup\u00e9rieurs aux teneurs pr\u00e9sentes dans les engrais. Vous le saurez bient\u00f4t, tous les engrais OCP seront conformes, et au-del\u00e0, aux r\u00e9glementations les plus strictes en la mati\u00e8re\u00a0\u00bb. \u00ab\u00a0Nos plans de d\u00e9veloppement en cours, notre transformation \u00e0 l\u2019\u0153uvre et nos futurs investissements sont inscrits dans un d\u00e9veloppement vert par le recours intensif aux \u00e9nergies renouvelables, \u00e0 la mobilisation des ressources aquatiques non conventionnelles, au recyclage des rejets et aux circuits courts. D\u00e8s aujourd\u2019hui, l\u2019\u00e9nergie utilis\u00e9e dans nos usines de transformation de Safi et de Jorf Lasfar est propre gr\u00e2ce \u00e0 la valorisation des vapeurs d\u2019eau d\u00e9gag\u00e9es\u00a0\u00bb, fait-il remarquer.<\/p>\n<p>Auteur: challenge<br \/>\n<a href=\"https:\/\/www.challenge.ma\/mostafa-terrab-pdg-de-locp-nos-plans-de-developpement-en-cours-et-nos-futurs-investissements-sont-inscrits-dans-un-developpement-vert-186149\/\">Cliquez ici pour lire l&rsquo;article depuis sa source.<\/a><\/p>\n","protected":false},"excerpt":{"rendered":"<p>Le groupe OCP poursuit sa dynamique de d\u00e9veloppement sous la houlette de son PDG, Mostafa Terrab. Le leader mondial du secteur des fertilisants et d\u00e9riv\u00e9s a en effet multipli\u00e9 ses investissements dans des projets structurants ces 15 derni\u00e8res ann\u00e9es tant au Maroc que sur le continent africain. Dans l\u2019interview exclusive accord\u00e9e au journal panafricain JeuneAfrique [&hellip;]<\/p>\n","protected":false},"author":1787,"featured_media":0,"comment_status":"closed","ping_status":"closed","sticky":false,"template":"","format":"standard","meta":{"fifu_image_url":"","fifu_image_alt":"","footnotes":""},"categories":[78,54],"tags":[],"class_list":["post-117609","post","type-post","status-publish","format-standard","hentry","category-economie","category-maroc"],"_links":{"self":[{"href":"https:\/\/linitiative.ca\/International\/wp-json\/wp\/v2\/posts\/117609","targetHints":{"allow":["GET"]}}],"collection":[{"href":"https:\/\/linitiative.ca\/International\/wp-json\/wp\/v2\/posts"}],"about":[{"href":"https:\/\/linitiative.ca\/International\/wp-json\/wp\/v2\/types\/post"}],"author":[{"embeddable":true,"href":"https:\/\/linitiative.ca\/International\/wp-json\/wp\/v2\/users\/1787"}],"replies":[{"embeddable":true,"href":"https:\/\/linitiative.ca\/International\/wp-json\/wp\/v2\/comments?post=117609"}],"version-history":[{"count":0,"href":"https:\/\/linitiative.ca\/International\/wp-json\/wp\/v2\/posts\/117609\/revisions"}],"wp:attachment":[{"href":"https:\/\/linitiative.ca\/International\/wp-json\/wp\/v2\/media?parent=117609"}],"wp:term":[{"taxonomy":"category","embeddable":true,"href":"https:\/\/linitiative.ca\/International\/wp-json\/wp\/v2\/categories?post=117609"},{"taxonomy":"post_tag","embeddable":true,"href":"https:\/\/linitiative.ca\/International\/wp-json\/wp\/v2\/tags?post=117609"}],"curies":[{"name":"wp","href":"https:\/\/api.w.org\/{rel}","templated":true}]}}