{"id":117611,"date":"2021-05-29T16:46:11","date_gmt":"2021-05-29T20:46:11","guid":{"rendered":"https:\/\/linitiative.ca\/International\/immunite-parlementaire-clarifications-de-imed-ben-halima\/"},"modified":"2021-05-29T16:46:11","modified_gmt":"2021-05-29T20:46:11","slug":"immunite-parlementaire-clarifications-de-imed-ben-halima","status":"publish","type":"post","link":"https:\/\/linitiative.ca\/International\/immunite-parlementaire-clarifications-de-imed-ben-halima\/","title":{"rendered":"Immunit\u00e9 parlementaire: Clarifications de Imed Ben Halima"},"content":{"rendered":"<div id=\"content-main\" class=\"left relative left relative\">\n<div class=\"post-info-out\">\n<div class=\"post-info-img left relative\"><img decoding=\"async\" alt=\"\" src=\"https:\/\/secure.gravatar.com\/avatar\/ea481d7287ad38ca1787f44b5bb1b70e?s=50&amp;d=mm&amp;r=g\" srcset=\"https:\/\/secure.gravatar.com\/avatar\/ea481d7287ad38ca1787f44b5bb1b70e?s=100&amp;d=mm&amp;r=g 2x\" class=\"avatar avatar-50 photo\" height=\"50\" width=\"50\" loading=\"lazy\"\/><\/div>\n<div class=\"post-info-in\">\n<div class=\"post-info-right left relative post-info-name left relative\"><span><span class=\"post-info-text\">Par<\/span> <span class=\"author-name vcard fn author\"><a href=\"https:\/\/www.tunisienumerique.com\/author\/rania-ben-slimane\/\" title=\"Articles par rania ben slimane\" rel=\"author\">rania ben slimane<\/a><\/span><\/span> <span class=\"post-date updated\"><time class=\"post-date updated\" datetime=\"2021-05-29\">\u00a0| Il y a 22 secondes<\/time><\/span><br \/>\n<meta itemprop=\"dateModified\" content=\"2021-05-29\"\/><\/div>\n<\/div>\n<\/div>\n<div class=\"code-block code-block-1 c4\">\n <ins class=\"adsbygoogle c3\" data-ad-layout=\"in-article\" data-ad-format=\"fluid\" data-ad-client=\"ca-pub-2102118777505746\" data-ad-slot=\"7301775417\"\/>\n<\/div>\n<p>L\u2019avocat et militant politique, Imed Ben Halima a expliqu\u00e9 ce samedi 29 mai 2021, que l\u2019immunit\u00e9 parlementaire est \u00e9nonc\u00e9e dans le statut du parlement ainsi que dans la Constitution.<\/p>\n<p>Me. Ben Halima a pr\u00e9cis\u00e9 que l\u2019immunit\u00e9 parlementaire d\u2019un d\u00e9put\u00e9 n\u2019est pas uniquement li\u00e9e \u00e0 sa fonction de d\u00e9put\u00e9.<\/p>\n<p>Il a \u00e9galement d\u00e9clar\u00e9 que selon l\u2019article n\u00b068 de la Constitution, le d\u00e9put\u00e9 jouit de l\u2019immunit\u00e9 totale dans l\u2019exercice de ses fonctions de repr\u00e9sentant du peuple et ne peut \u00eatre poursuivi, ni par la voie civile ni p\u00e9nale.<\/p>\n<p>Ajoutant que l\u2019article n\u00b069 ne fait pas r\u00e9f\u00e9rence au \u201cd\u00e9put\u00e9 contrevenant\u201d mais plut\u00f4t au \u201ccontrevenant d\u00e9put\u00e9\u201d qui commet une \u00ab infraction \u00bb en sa qualit\u00e9 de d\u00e9put\u00e9.<\/p>\n<p>Cet article \u00e9nonce \u00e9galement que le d\u00e9put\u00e9 a le droit de tenir \u00e0 son immunit\u00e9 parlementaire, dans ce cas il est impossible de le poursuivre en justice.<\/p>\n<p>Selon Ben Halima, l\u2019article n\u00b028 du r\u00e8glement int\u00e9rieur de l\u2019ARP stipule que le d\u00e9put\u00e9 soumet la demande de maintien de l\u2019immunit\u00e9 avec le dossier \u00e0 la Commission du r\u00e8glement int\u00e9rieur de l\u2019ARP et de l\u2019immunit\u00e9.<\/p>\n<p>Cette demande sera renvoy\u00e9e au cabinet du Parlement, puis \u00e0 la session pl\u00e9ni\u00e8re pour le vote.<\/p>\n<p>Ce qui est dangereux selon Ben Halima est le fait d\u2019absence du nombre des d\u00e9put\u00e9s n\u00e9cessaire pour tenir ladite session, \u00ab\u00a0la demande est uniquement tranch\u00e9e par un vote de la majorit\u00e9 pr\u00e9sente sur la lev\u00e9e ou le maintien de l\u2019immunit\u00e9\u00a0\u00bb.<\/p>\n<div class=\"swp_social_panel swp_horizontal_panel swp_flat_fresh swp_default_full_color swp_individual_full_color swp_other_full_color scale-100 scale-\" data-min-width=\"1100\" data-float-color=\"#ffffff\" data-float=\"bottom\" data-float-mobile=\"bottom\" data-transition=\"slide\">\n<div class=\"nc_tweetContainer swp_share_button total_shares total_sharesalt\"><span class=\"swp_count\">0 <span class=\"swp_label\">Partages<\/span><\/span><\/div>\n<\/div>\n<p><strong>Que se passe-t-il en Tunisie?<\/strong><br \/>Nous expliquons sur notre <a href=\"https:\/\/www.youtube.com\/channel\/UCRzypVq0B_yBad5eGrwBx0Q?sub_confirmation=1\" target=\"_blank\" rel=\"noopener\">cha\u00eene YouTube<\/a> . <a href=\"https:\/\/www.youtube.com\/channel\/UCRzypVq0B_yBad5eGrwBx0Q?sub_confirmation=1\" target=\"_blank\" rel=\"noopener\">Abonnez-vous!<\/a><\/p>\n<div class=\"mvp-org-wrap\" itemprop=\"publisher\">\n<div class=\"mvp-org-logo\" itemprop=\"logo\"><img decoding=\"async\" src=\"https:\/\/www.tunisienumerique.com\/wp-content\/uploads\/2017\/02\/logo_tunisie_numerique.png\"\/><br \/>\n<meta itemprop=\"url\" content=\"https:\/\/www.tunisienumerique.com\/wp-content\/uploads\/2017\/02\/logo_tunisie_numerique.png\"\/><\/div>\n<p><meta content=\"Tunisie\"\/><\/div>\n<div class=\"mvp-related-posts left relative\">\n<h4 class=\"post-header\"><span class=\"post-header\">Lire aussi<\/span><\/h4>\n<\/div>\n<div id=\"article-ad\">\n <ins class=\"adsbygoogle c5\" data-ad-client=\"ca-pub-2102118777505746\" data-ad-slot=\"6513972734\" data-ad-format=\"auto\" data-full-width-responsive=\"true\"\/>\n<\/div>\n<\/div>\n<div id=\"post-sidebar-wrap\">\n <ins class=\"adsbygoogle c5\" data-ad-client=\"ca-pub-2102118777505746\" data-ad-slot=\"6168283410\" data-ad-format=\"auto\" data-full-width-responsive=\"true\"\/>\n<\/div>\n<p>Auteur: rania ben slimane<br \/>\n<a href=\"https:\/\/www.tunisienumerique.com\/immunite-parlementaire-clarifications-de-imed-ben-halima\/\">Cliquez ici pour lire l&rsquo;article depuis sa source.<\/a><\/p>\n","protected":false},"excerpt":{"rendered":"<p>Par rania ben slimane \u00a0| Il y a 22 secondes L\u2019avocat et militant politique, Imed Ben Halima a expliqu\u00e9 ce samedi 29 mai 2021, que l\u2019immunit\u00e9 parlementaire est \u00e9nonc\u00e9e dans le statut du parlement ainsi que dans la Constitution. Me. Ben Halima a pr\u00e9cis\u00e9 que l\u2019immunit\u00e9 parlementaire d\u2019un d\u00e9put\u00e9 n\u2019est pas uniquement li\u00e9e \u00e0 sa [&hellip;]<\/p>\n","protected":false},"author":1789,"featured_media":0,"comment_status":"closed","ping_status":"closed","sticky":false,"template":"","format":"standard","meta":{"fifu_image_url":"https:\/\/secure.gravatar.com\/avatar\/ea481d7287ad38ca1787f44b5bb1b70e?s=50&d=mm&r=g","fifu_image_alt":"Immunit\u00e9 parlementaire: Clarifications de Imed Ben Halima","footnotes":""},"categories":[73,55],"tags":[],"class_list":["post-117611","post","type-post","status-publish","format-standard","hentry","category-actualite","category-tunisie"],"_links":{"self":[{"href":"https:\/\/linitiative.ca\/International\/wp-json\/wp\/v2\/posts\/117611","targetHints":{"allow":["GET"]}}],"collection":[{"href":"https:\/\/linitiative.ca\/International\/wp-json\/wp\/v2\/posts"}],"about":[{"href":"https:\/\/linitiative.ca\/International\/wp-json\/wp\/v2\/types\/post"}],"author":[{"embeddable":true,"href":"https:\/\/linitiative.ca\/International\/wp-json\/wp\/v2\/users\/1789"}],"replies":[{"embeddable":true,"href":"https:\/\/linitiative.ca\/International\/wp-json\/wp\/v2\/comments?post=117611"}],"version-history":[{"count":0,"href":"https:\/\/linitiative.ca\/International\/wp-json\/wp\/v2\/posts\/117611\/revisions"}],"wp:attachment":[{"href":"https:\/\/linitiative.ca\/International\/wp-json\/wp\/v2\/media?parent=117611"}],"wp:term":[{"taxonomy":"category","embeddable":true,"href":"https:\/\/linitiative.ca\/International\/wp-json\/wp\/v2\/categories?post=117611"},{"taxonomy":"post_tag","embeddable":true,"href":"https:\/\/linitiative.ca\/International\/wp-json\/wp\/v2\/tags?post=117611"}],"curies":[{"name":"wp","href":"https:\/\/api.w.org\/{rel}","templated":true}]}}