{"id":117612,"date":"2021-05-29T16:55:14","date_gmt":"2021-05-29T20:55:14","guid":{"rendered":"https:\/\/linitiative.ca\/International\/sousse-deux-mandats-de-depot-en-prison-contre-le-proprietaire-de-lespace-touristique-et-lun-des-lorganisateurs-dun-concert-de-jeunes\/"},"modified":"2021-05-29T16:55:14","modified_gmt":"2021-05-29T20:55:14","slug":"sousse-deux-mandats-de-depot-en-prison-contre-le-proprietaire-de-lespace-touristique-et-lun-des-lorganisateurs-dun-concert-de-jeunes","status":"publish","type":"post","link":"https:\/\/linitiative.ca\/International\/sousse-deux-mandats-de-depot-en-prison-contre-le-proprietaire-de-lespace-touristique-et-lun-des-lorganisateurs-dun-concert-de-jeunes\/","title":{"rendered":"Sousse : Deux mandats de d\u00e9p\u00f4t en prison contre le propri\u00e9taire de l\u2019espace touristique et l\u2019un des l\u2019organisateurs d\u2019un concert de jeunes"},"content":{"rendered":"<div id=\"content-main\" class=\"left relative left relative\">\n<div class=\"post-info-out\">\n<div class=\"post-info-img left relative\"><img decoding=\"async\" alt=\"\" src=\"https:\/\/secure.gravatar.com\/avatar\/ea481d7287ad38ca1787f44b5bb1b70e?s=50&amp;d=mm&amp;r=g\" srcset=\"https:\/\/secure.gravatar.com\/avatar\/ea481d7287ad38ca1787f44b5bb1b70e?s=100&amp;d=mm&amp;r=g 2x\" class=\"avatar avatar-50 photo\" height=\"50\" width=\"50\" loading=\"lazy\"\/><\/div>\n<div class=\"post-info-in\">\n<div class=\"post-info-right left relative post-info-name left relative\"><span><span class=\"post-info-text\">Par<\/span> <span class=\"author-name vcard fn author\"><a href=\"https:\/\/www.tunisienumerique.com\/author\/rania-ben-slimane\/\" title=\"Articles par rania ben slimane\" rel=\"author\">rania ben slimane<\/a><\/span><\/span> <span class=\"post-date updated\"><time class=\"post-date updated\" datetime=\"2021-05-29\">\u00a0| Il y a 15 secondes<\/time><\/span><br \/>\n<meta itemprop=\"dateModified\" content=\"2021-05-29\"\/><\/div>\n<\/div>\n<\/div>\n<div class=\"code-block code-block-1 c4\">\n <ins class=\"adsbygoogle c3\" data-ad-layout=\"in-article\" data-ad-format=\"fluid\" data-ad-client=\"ca-pub-2102118777505746\" data-ad-slot=\"7301775417\"\/>\n<\/div>\n<p>Le porte-parole officiel du Tribunal de Premi\u00e8re Instance de Sousse 2, Haithem Boubaker a indiqu\u00e9 \u00e0 Tunisienum\u00e9rique que le juge d\u2019instruction a \u00e9mis deux mandats de d\u00e9p\u00f4t en prison \u00e0 l\u2019encontre du propri\u00e9taire de l\u2019espace touristique du Grand Ch\u00e2teau et d\u2019un organisateur du concert des jeunes, o\u00f9 environ 400 personnes ont \u00e9t\u00e9 arr\u00eat\u00e9es et une quantit\u00e9 de drogues et de boissons alcoolis\u00e9es ont \u00e9t\u00e9 saisies.<\/p>\n<p>Boubaker a ajout\u00e9 que le juge d\u2019instruction a d\u00e9cid\u00e9 de maintenir 11 personnes en libert\u00e9, \u00e0 condition de payer une caution comprise entre 500 et 1 000 dinars.<\/p>\n<div class=\"swp_social_panel swp_horizontal_panel swp_flat_fresh swp_default_full_color swp_individual_full_color swp_other_full_color scale-100 scale-\" data-min-width=\"1100\" data-float-color=\"#ffffff\" data-float=\"bottom\" data-float-mobile=\"bottom\" data-transition=\"slide\">\n<div class=\"nc_tweetContainer swp_share_button total_shares total_sharesalt\"><span class=\"swp_count\">0 <span class=\"swp_label\">Partages<\/span><\/span><\/div>\n<\/div>\n<p><strong>Que se passe-t-il en Tunisie?<\/strong><br \/>Nous expliquons sur notre <a href=\"https:\/\/www.youtube.com\/channel\/UCRzypVq0B_yBad5eGrwBx0Q?sub_confirmation=1\" target=\"_blank\" rel=\"noopener\">cha\u00eene YouTube<\/a> . <a href=\"https:\/\/www.youtube.com\/channel\/UCRzypVq0B_yBad5eGrwBx0Q?sub_confirmation=1\" target=\"_blank\" rel=\"noopener\">Abonnez-vous!<\/a><\/p>\n<div class=\"mvp-org-wrap\" itemprop=\"publisher\">\n<div class=\"mvp-org-logo\" itemprop=\"logo\"><img decoding=\"async\" src=\"https:\/\/www.tunisienumerique.com\/wp-content\/uploads\/2017\/02\/logo_tunisie_numerique.png\"\/><br \/>\n<meta itemprop=\"url\" content=\"https:\/\/www.tunisienumerique.com\/wp-content\/uploads\/2017\/02\/logo_tunisie_numerique.png\"\/><\/div>\n<p><meta content=\"Tunisie\"\/><\/div>\n<div class=\"mvp-related-posts left relative\">\n<h4 class=\"post-header\"><span class=\"post-header\">Lire aussi<\/span><\/h4>\n<\/div>\n<div id=\"article-ad\">\n <ins class=\"adsbygoogle c5\" data-ad-client=\"ca-pub-2102118777505746\" data-ad-slot=\"6513972734\" data-ad-format=\"auto\" data-full-width-responsive=\"true\"\/>\n<\/div>\n<\/div>\n<div id=\"post-sidebar-wrap\">\n <ins class=\"adsbygoogle c5\" data-ad-client=\"ca-pub-2102118777505746\" data-ad-slot=\"6168283410\" data-ad-format=\"auto\" data-full-width-responsive=\"true\"\/>\n<\/div>\n<p>Auteur: rania ben slimane<br \/>\n<a href=\"https:\/\/www.tunisienumerique.com\/sousse-deux-mandats-de-depot-en-prison-contre-le-proprietaire-de-lespace-touristique-et-lun-des-lorganisateurs-dun-concert-de-jeunes\/\">Cliquez ici pour lire l&rsquo;article depuis sa source.<\/a><\/p>\n","protected":false},"excerpt":{"rendered":"<p>Par rania ben slimane \u00a0| Il y a 15 secondes Le porte-parole officiel du Tribunal de Premi\u00e8re Instance de Sousse 2, Haithem Boubaker a indiqu\u00e9 \u00e0 Tunisienum\u00e9rique que le juge d\u2019instruction a \u00e9mis deux mandats de d\u00e9p\u00f4t en prison \u00e0 l\u2019encontre du propri\u00e9taire de l\u2019espace touristique du Grand Ch\u00e2teau et d\u2019un organisateur du concert des [&hellip;]<\/p>\n","protected":false},"author":1789,"featured_media":0,"comment_status":"closed","ping_status":"closed","sticky":false,"template":"","format":"standard","meta":{"fifu_image_url":"https:\/\/secure.gravatar.com\/avatar\/ea481d7287ad38ca1787f44b5bb1b70e?s=50&d=mm&r=g","fifu_image_alt":"Sousse : Deux mandats de d\u00e9p\u00f4t en prison contre le propri\u00e9taire de l\u2019espace touristique et l\u2019un des l\u2019organisateurs d\u2019un concert de jeunes","footnotes":""},"categories":[73,55],"tags":[],"class_list":["post-117612","post","type-post","status-publish","format-standard","hentry","category-actualite","category-tunisie"],"_links":{"self":[{"href":"https:\/\/linitiative.ca\/International\/wp-json\/wp\/v2\/posts\/117612","targetHints":{"allow":["GET"]}}],"collection":[{"href":"https:\/\/linitiative.ca\/International\/wp-json\/wp\/v2\/posts"}],"about":[{"href":"https:\/\/linitiative.ca\/International\/wp-json\/wp\/v2\/types\/post"}],"author":[{"embeddable":true,"href":"https:\/\/linitiative.ca\/International\/wp-json\/wp\/v2\/users\/1789"}],"replies":[{"embeddable":true,"href":"https:\/\/linitiative.ca\/International\/wp-json\/wp\/v2\/comments?post=117612"}],"version-history":[{"count":0,"href":"https:\/\/linitiative.ca\/International\/wp-json\/wp\/v2\/posts\/117612\/revisions"}],"wp:attachment":[{"href":"https:\/\/linitiative.ca\/International\/wp-json\/wp\/v2\/media?parent=117612"}],"wp:term":[{"taxonomy":"category","embeddable":true,"href":"https:\/\/linitiative.ca\/International\/wp-json\/wp\/v2\/categories?post=117612"},{"taxonomy":"post_tag","embeddable":true,"href":"https:\/\/linitiative.ca\/International\/wp-json\/wp\/v2\/tags?post=117612"}],"curies":[{"name":"wp","href":"https:\/\/api.w.org\/{rel}","templated":true}]}}