{"id":117614,"date":"2021-05-29T17:10:14","date_gmt":"2021-05-29T21:10:14","guid":{"rendered":"https:\/\/linitiative.ca\/International\/derniere-minute-medenine-arrestation-dun-element-terroriste-faisant-objet-de-15-mandats-de-recherche\/"},"modified":"2021-05-29T17:10:14","modified_gmt":"2021-05-29T21:10:14","slug":"derniere-minute-medenine-arrestation-dun-element-terroriste-faisant-objet-de-15-mandats-de-recherche","status":"publish","type":"post","link":"https:\/\/linitiative.ca\/International\/derniere-minute-medenine-arrestation-dun-element-terroriste-faisant-objet-de-15-mandats-de-recherche\/","title":{"rendered":"Derni\u00e8re minute-M\u00e9denine : Arrestation d\u2019un \u00e9l\u00e9ment terroriste faisant objet de 15 mandats de recherche"},"content":{"rendered":"<div id=\"content-main\" class=\"left relative left relative\">\n<div class=\"post-info-out\">\n<div class=\"post-info-img left relative\"><img decoding=\"async\" alt=\"\" src=\"https:\/\/secure.gravatar.com\/avatar\/ea481d7287ad38ca1787f44b5bb1b70e?s=50&amp;d=mm&amp;r=g\" srcset=\"https:\/\/secure.gravatar.com\/avatar\/ea481d7287ad38ca1787f44b5bb1b70e?s=100&amp;d=mm&amp;r=g 2x\" class=\"avatar avatar-50 photo\" height=\"50\" width=\"50\" loading=\"lazy\"\/><\/div>\n<div class=\"post-info-in\">\n<div class=\"post-info-right left relative post-info-name left relative\"><span><span class=\"post-info-text\">Par<\/span> <span class=\"author-name vcard fn author\"><a href=\"https:\/\/www.tunisienumerique.com\/author\/rania-ben-slimane\/\" title=\"Articles par rania ben slimane\" rel=\"author\">rania ben slimane<\/a><\/span><\/span> <span class=\"post-date updated\"><time class=\"post-date updated\" datetime=\"2021-05-29\">\u00a0| Il y a 9 minutes<\/time><\/span><br \/>\n<meta itemprop=\"dateModified\" content=\"2021-05-29\"\/><\/div>\n<\/div>\n<\/div>\n<div class=\"code-block code-block-1 c4\">\n <ins class=\"adsbygoogle c3\" data-ad-layout=\"in-article\" data-ad-format=\"fluid\" data-ad-client=\"ca-pub-2102118777505746\" data-ad-slot=\"7301775417\"\/>\n<\/div>\n<p>La Brigade de Police Judiciaire du poste de S\u00fbret\u00e9 Nationale de M\u00e9denine a arr\u00eat\u00e9 le 29 mai 2021, un \u00e9l\u00e9ment salafiste class\u00e9 dangereux selon les enqu\u00eates s\u00e9curitaires, lors d\u2019une embuscade dans la ville de Ben Guerdane.<\/p>\n<p>En effet, une source s\u00e9curitaire a confi\u00e9 \u00e0 la correspondante de Tunisienumerique dans la r\u00e9gion que la brigade a re\u00e7u des informations s\u00e9curitaires indiquant la localisation du pr\u00e9sum\u00e9.<\/p>\n<p>Selon la m\u00eame source, le d\u00e9tenu a \u00e9t\u00e9 condamn\u00e9 \u00e0 l\u2019emprisonnement et faisait l\u2019objet de 15 mandats de recherche au profit du p\u00f4le judiciaire pour enqu\u00eater sur les crimes de terrorisme \u00e0 Tunis.<\/p>\n<p>Le minist\u00e8re public a ordonn\u00e9 la d\u00e9tention du d\u00e9tenu pour compl\u00e9ter les proc\u00e9dures l\u00e9gales \u00e0 son \u00e9gard et de le renvoyer au p\u00f4le judiciaire pour appartenance \u00e0 une organisation terroriste.<\/p>\n<div class=\"swp_social_panel swp_horizontal_panel swp_flat_fresh swp_default_full_color swp_individual_full_color swp_other_full_color scale-100 scale-\" data-min-width=\"1100\" data-float-color=\"#ffffff\" data-float=\"bottom\" data-float-mobile=\"bottom\" data-transition=\"slide\">\n<div class=\"nc_tweetContainer swp_share_button total_shares total_sharesalt\"><span class=\"swp_count\">0 <span class=\"swp_label\">Partages<\/span><\/span><\/div>\n<\/div>\n<p><strong>Que se passe-t-il en Tunisie?<\/strong><br \/>Nous expliquons sur notre <a href=\"https:\/\/www.youtube.com\/channel\/UCRzypVq0B_yBad5eGrwBx0Q?sub_confirmation=1\" target=\"_blank\" rel=\"noopener\">cha\u00eene YouTube<\/a> . <a href=\"https:\/\/www.youtube.com\/channel\/UCRzypVq0B_yBad5eGrwBx0Q?sub_confirmation=1\" target=\"_blank\" rel=\"noopener\">Abonnez-vous!<\/a><\/p>\n<div class=\"mvp-org-wrap\" itemprop=\"publisher\">\n<div class=\"mvp-org-logo\" itemprop=\"logo\"><img decoding=\"async\" src=\"https:\/\/www.tunisienumerique.com\/wp-content\/uploads\/2017\/02\/logo_tunisie_numerique.png\"\/><br \/>\n<meta itemprop=\"url\" content=\"https:\/\/www.tunisienumerique.com\/wp-content\/uploads\/2017\/02\/logo_tunisie_numerique.png\"\/><\/div>\n<p><meta content=\"Tunisie\"\/><\/div>\n<div class=\"mvp-related-posts left relative\">\n<h4 class=\"post-header\"><span class=\"post-header\">Lire aussi<\/span><\/h4>\n<\/div>\n<div id=\"article-ad\">\n <ins class=\"adsbygoogle c5\" data-ad-client=\"ca-pub-2102118777505746\" data-ad-slot=\"6513972734\" data-ad-format=\"auto\" data-full-width-responsive=\"true\"\/>\n<\/div>\n<\/div>\n<div id=\"post-sidebar-wrap\">\n <ins class=\"adsbygoogle c5\" data-ad-client=\"ca-pub-2102118777505746\" data-ad-slot=\"6168283410\" data-ad-format=\"auto\" data-full-width-responsive=\"true\"\/>\n<\/div>\n<p>Auteur: rania ben slimane<br \/>\n<a href=\"https:\/\/www.tunisienumerique.com\/derniere-minute-medenine-arrestation-dun-element-terroriste-faisant-objet-de-16-mandats-de-recherche\/\">Cliquez ici pour lire l&rsquo;article depuis sa source.<\/a><\/p>\n","protected":false},"excerpt":{"rendered":"<p>Par rania ben slimane \u00a0| Il y a 9 minutes La Brigade de Police Judiciaire du poste de S\u00fbret\u00e9 Nationale de M\u00e9denine a arr\u00eat\u00e9 le 29 mai 2021, un \u00e9l\u00e9ment salafiste class\u00e9 dangereux selon les enqu\u00eates s\u00e9curitaires, lors d\u2019une embuscade dans la ville de Ben Guerdane. En effet, une source s\u00e9curitaire a confi\u00e9 \u00e0 la [&hellip;]<\/p>\n","protected":false},"author":1789,"featured_media":0,"comment_status":"closed","ping_status":"closed","sticky":false,"template":"","format":"standard","meta":{"fifu_image_url":"https:\/\/secure.gravatar.com\/avatar\/ea481d7287ad38ca1787f44b5bb1b70e?s=50&d=mm&r=g","fifu_image_alt":"Derni\u00e8re minute-M\u00e9denine : Arrestation d\u2019un \u00e9l\u00e9ment terroriste faisant objet de 15 mandats de recherche","footnotes":""},"categories":[73,55],"tags":[],"class_list":["post-117614","post","type-post","status-publish","format-standard","hentry","category-actualite","category-tunisie"],"_links":{"self":[{"href":"https:\/\/linitiative.ca\/International\/wp-json\/wp\/v2\/posts\/117614","targetHints":{"allow":["GET"]}}],"collection":[{"href":"https:\/\/linitiative.ca\/International\/wp-json\/wp\/v2\/posts"}],"about":[{"href":"https:\/\/linitiative.ca\/International\/wp-json\/wp\/v2\/types\/post"}],"author":[{"embeddable":true,"href":"https:\/\/linitiative.ca\/International\/wp-json\/wp\/v2\/users\/1789"}],"replies":[{"embeddable":true,"href":"https:\/\/linitiative.ca\/International\/wp-json\/wp\/v2\/comments?post=117614"}],"version-history":[{"count":0,"href":"https:\/\/linitiative.ca\/International\/wp-json\/wp\/v2\/posts\/117614\/revisions"}],"wp:attachment":[{"href":"https:\/\/linitiative.ca\/International\/wp-json\/wp\/v2\/media?parent=117614"}],"wp:term":[{"taxonomy":"category","embeddable":true,"href":"https:\/\/linitiative.ca\/International\/wp-json\/wp\/v2\/categories?post=117614"},{"taxonomy":"post_tag","embeddable":true,"href":"https:\/\/linitiative.ca\/International\/wp-json\/wp\/v2\/tags?post=117614"}],"curies":[{"name":"wp","href":"https:\/\/api.w.org\/{rel}","templated":true}]}}