{"id":117615,"date":"2021-05-29T04:37:55","date_gmt":"2021-05-29T08:37:55","guid":{"rendered":"https:\/\/linitiative.ca\/International\/covid-19-le-gouvernement-invite-au-respect-de-la-presomption-dinnocence-a-legard-des-gestionnaires-des-fonds\/"},"modified":"2021-05-29T04:37:55","modified_gmt":"2021-05-29T08:37:55","slug":"covid-19-le-gouvernement-invite-au-respect-de-la-presomption-dinnocence-a-legard-des-gestionnaires-des-fonds","status":"publish","type":"post","link":"https:\/\/linitiative.ca\/International\/covid-19-le-gouvernement-invite-au-respect-de-la-presomption-dinnocence-a-legard-des-gestionnaires-des-fonds\/","title":{"rendered":"Covid-19 : le gouvernement invite au respect de la pr\u00e9somption d\u2019innocence \u00e0 l\u2019\u00e9gard des gestionnaires des fonds"},"content":{"rendered":"<div readability=\"32\">\n<p>Publi\u00e9 le 29.05.2021 \u00e0 09h37 par Journal du Cameroun<\/p>\n<\/div>\n<div readability=\"60\">\n<h5 class=\"c9\">Suite au rapport accablant de la Chambre des comptes de la Cour supr\u00eame, le ministre de la Communication\u00a0 Ren\u00e9 Emmanuel Sadi monte et cr\u00e9neau et d\u00e9nonce un \u00abemballement m\u00e9diatique \u00bb contre les personnes accus\u00e9es de violation des proc\u00e9dures d\u2019attribution des march\u00e9s, fautes de gestion, d\u00e9tournements des fonds etc. Dans un communiqu\u00e9 publi\u00e9 le 28 mai 2021, il pr\u00e9cise que le Chef de l\u2019Etat\u00a0 Paul Biya,\u00a0 a instruit une enqu\u00eate judiciaire,\u00a0 appelle par cons\u00e9quent les uns et les autres \u00e0 la retenue et au sens de responsabilit\u00e9, avant les r\u00e9sultats.<\/h5>\n<p class=\"c10\">Le porte-parole du gouvernement s\u2019oppose \u00e0 la condamnation sans jugement des gestionnaires des fonds Covid-19. Les rapports du Contr\u00f4le sup\u00e9rieur de l\u2019\u00c9tat (Consupe) et de la Chambre des comptes ne suffisent pas\u00a0\u00a0pour jeter l\u2019opprobre et condamner sans r\u00e9serve, les membres du gouvernement et autres personnalit\u00e9s ayant \u00e9t\u00e9 appel\u00e9s \u00e0 participer a la gestion de ces fonds publics, s\u2019\u00e9tonne Ren\u00e9 Sadi.<\/p>\n<p class=\"c10\">\u00ab <em>Les investigations men\u00e9es par ces instances de controie de geston, ont abouti a la production des rapports, sur la base desqueis e CHEF DE L\u2019ETAT a instruit des enqu\u00e9tes judiciaires actuelement en cours\u00a0 pr\u00e8s du Tribunal Criminel Sp\u00e9cial; une proc\u00e9dure tout a fait nomale en a mati\u00e8re. Mais a ce stade, cette proc\u00e9dure ne saurait en aucun cas, donner lieu sur la base de la pr\u00e9somption d\u2019innocence reconnue a tout justiciable \u00e0 l\u2019emballement m\u00e9datique et \u00e0 la vindicte populaire auxquels on assiste\u00a0 actuellement<\/em>\u00bb, s\u2019offusque le ministre de la Communication.<\/p>\n<p class=\"c10\">\u00a0Ren\u00e9 Sadi ajoute que : \u00ab\u00a0 <em>nul ne peut \u00eatre condamn\u00e9 a priori d\u2019un fait quelconque, alors m\u00e9me que sa culpabilit\u00e9 n\u2019est pas encore \u00e9tablie.<\/em>\u00bb<\/p>\n<p class=\"c10\">Pr\u00e9cisant que malgr\u00e9 le grabuge autour des rapports du Consume et la Chambre des comptes, \u00ab <em>les proc\u00e9dures d\u2019\u00e9valuation de l\u2019utilisation de ces fonds allou\u00e9s \u00e0 la lutte contre cette grave pand\u00e9mie, continueront de se d\u00e9rouler en toute s\u00e9r\u00e9nit\u00e9, dans le respect de l\u2019orthodoxie des r\u00e8gles et des proc\u00e9dures qui encadrent la recherche de la v\u00e9rit\u00e9 et l\u2019\u00e9tablissement le cas \u00e9ch\u00e9ant, des responsabilit\u00e9s de tout justiciable dans notre pays.<\/em>\u00bb<\/p>\n<\/div>\n<p>Auteur: Christian DJIMADEU<br \/>\n<a href=\"https:\/\/www.journalducameroun.com\/covid-19-le-gouvernement-invite-au-respect-de-la-presomption-dinnocence-a-legard-des-gestionnaires-des-fonds-cameroun\/\">Cliquez ici pour lire l&rsquo;article depuis sa source.<\/a><\/p>\n","protected":false},"excerpt":{"rendered":"<p>Publi\u00e9 le 29.05.2021 \u00e0 09h37 par Journal du Cameroun Suite au rapport accablant de la Chambre des comptes de la Cour supr\u00eame, le ministre de la Communication\u00a0 Ren\u00e9 Emmanuel Sadi monte et cr\u00e9neau et d\u00e9nonce un \u00abemballement m\u00e9diatique \u00bb contre les personnes accus\u00e9es de violation des proc\u00e9dures d\u2019attribution des march\u00e9s, fautes de gestion, d\u00e9tournements des [&hellip;]<\/p>\n","protected":false},"author":1965,"featured_media":0,"comment_status":"closed","ping_status":"closed","sticky":false,"template":"","format":"standard","meta":{"fifu_image_url":"","fifu_image_alt":"","footnotes":""},"categories":[73,82],"tags":[],"class_list":["post-117615","post","type-post","status-publish","format-standard","hentry","category-actualite","category-cameroun"],"_links":{"self":[{"href":"https:\/\/linitiative.ca\/International\/wp-json\/wp\/v2\/posts\/117615","targetHints":{"allow":["GET"]}}],"collection":[{"href":"https:\/\/linitiative.ca\/International\/wp-json\/wp\/v2\/posts"}],"about":[{"href":"https:\/\/linitiative.ca\/International\/wp-json\/wp\/v2\/types\/post"}],"author":[{"embeddable":true,"href":"https:\/\/linitiative.ca\/International\/wp-json\/wp\/v2\/users\/1965"}],"replies":[{"embeddable":true,"href":"https:\/\/linitiative.ca\/International\/wp-json\/wp\/v2\/comments?post=117615"}],"version-history":[{"count":0,"href":"https:\/\/linitiative.ca\/International\/wp-json\/wp\/v2\/posts\/117615\/revisions"}],"wp:attachment":[{"href":"https:\/\/linitiative.ca\/International\/wp-json\/wp\/v2\/media?parent=117615"}],"wp:term":[{"taxonomy":"category","embeddable":true,"href":"https:\/\/linitiative.ca\/International\/wp-json\/wp\/v2\/categories?post=117615"},{"taxonomy":"post_tag","embeddable":true,"href":"https:\/\/linitiative.ca\/International\/wp-json\/wp\/v2\/tags?post=117615"}],"curies":[{"name":"wp","href":"https:\/\/api.w.org\/{rel}","templated":true}]}}