{"id":117616,"date":"2021-05-29T05:18:02","date_gmt":"2021-05-29T09:18:02","guid":{"rendered":"https:\/\/linitiative.ca\/International\/mali-assimi-goita-declare-chef-de-letat-de-transition\/"},"modified":"2021-05-29T05:18:02","modified_gmt":"2021-05-29T09:18:02","slug":"mali-assimi-goita-declare-chef-de-letat-de-transition","status":"publish","type":"post","link":"https:\/\/linitiative.ca\/International\/mali-assimi-goita-declare-chef-de-letat-de-transition\/","title":{"rendered":"Mali : Assimi Go\u00efta d\u00e9clar\u00e9 chef de l\u2019Etat de transition"},"content":{"rendered":"<div readability=\"32\">\n<p>Publi\u00e9 le 29.05.2021 \u00e0 10h18 par APA News<\/p>\n<\/div>\n<div readability=\"55\">\n<p>La Cour constitutionnelle du Mali a d\u00e9clar\u00e9 le colonel Assimi Go\u00efta, pr\u00e9sident de la R\u00e9publique de transition.Dans son arr\u00eat rendu public vendredi soir, la Cour indique que le colonel Go\u00efta, jusque-l\u00e0 vice-pr\u00e9sident de la transition, \u00ab exerce les fonctions, attributs et pr\u00e9rogatives de pr\u00e9sident de la transition pour conduire le processus de transition \u00e0 son terme\u00a0\u00bb.<\/p>\n<p>Elle dit avoir pris cette d\u00e9cision apr\u00e8s avoir constat\u00e9 la vacance de la pr\u00e9sidence.<\/p>\n<p>Le 24 mai dernier, la junte qui avait d\u00e9pos\u00e9 le pr\u00e9sident Ibrahim Boubacar Ke\u00efta en ao\u00fbt 2020, avait arr\u00eat\u00e9 le pr\u00e9sident de transition, Bah N\u2019Daw et son Premier ministre Moctar Ouane. Le couple de l\u2019ex\u00e9cutif a d\u00e9missionn\u00e9 deux jours plus tard en pr\u00e9sence d\u2019une d\u00e9l\u00e9gation de la m\u00e9diation de la Communaut\u00e9 \u00e9conomique des Etats de l\u2019Afrique de l\u2019Ouest (Cedeao), avant d\u2019\u00eatre lib\u00e9r\u00e9.<\/p>\n<p>Charg\u00e9 de d\u00e9signer un Premier ministre de transition dans ses rangs, le Mouvement du 5 juin-Rassemblement des Forces Patriotiques (M5-RFP) a propos\u00e9 Choguel Ma\u00efga.<\/p>\n<\/div>\n<p>Auteur: APA News<br \/>\n<a href=\"https:\/\/www.journalducameroun.com\/mali-assimi-goita-declare-chef-de-letat-de-transition\/\">Cliquez ici pour lire l&rsquo;article depuis sa source.<\/a><\/p>\n","protected":false},"excerpt":{"rendered":"<p>Publi\u00e9 le 29.05.2021 \u00e0 10h18 par APA News La Cour constitutionnelle du Mali a d\u00e9clar\u00e9 le colonel Assimi Go\u00efta, pr\u00e9sident de la R\u00e9publique de transition.Dans son arr\u00eat rendu public vendredi soir, la Cour indique que le colonel Go\u00efta, jusque-l\u00e0 vice-pr\u00e9sident de la transition, \u00ab exerce les fonctions, attributs et pr\u00e9rogatives de pr\u00e9sident de la transition [&hellip;]<\/p>\n","protected":false},"author":1965,"featured_media":0,"comment_status":"closed","ping_status":"closed","sticky":false,"template":"","format":"standard","meta":{"fifu_image_url":"","fifu_image_alt":"","footnotes":""},"categories":[73,82],"tags":[],"class_list":["post-117616","post","type-post","status-publish","format-standard","hentry","category-actualite","category-cameroun"],"_links":{"self":[{"href":"https:\/\/linitiative.ca\/International\/wp-json\/wp\/v2\/posts\/117616","targetHints":{"allow":["GET"]}}],"collection":[{"href":"https:\/\/linitiative.ca\/International\/wp-json\/wp\/v2\/posts"}],"about":[{"href":"https:\/\/linitiative.ca\/International\/wp-json\/wp\/v2\/types\/post"}],"author":[{"embeddable":true,"href":"https:\/\/linitiative.ca\/International\/wp-json\/wp\/v2\/users\/1965"}],"replies":[{"embeddable":true,"href":"https:\/\/linitiative.ca\/International\/wp-json\/wp\/v2\/comments?post=117616"}],"version-history":[{"count":0,"href":"https:\/\/linitiative.ca\/International\/wp-json\/wp\/v2\/posts\/117616\/revisions"}],"wp:attachment":[{"href":"https:\/\/linitiative.ca\/International\/wp-json\/wp\/v2\/media?parent=117616"}],"wp:term":[{"taxonomy":"category","embeddable":true,"href":"https:\/\/linitiative.ca\/International\/wp-json\/wp\/v2\/categories?post=117616"},{"taxonomy":"post_tag","embeddable":true,"href":"https:\/\/linitiative.ca\/International\/wp-json\/wp\/v2\/tags?post=117616"}],"curies":[{"name":"wp","href":"https:\/\/api.w.org\/{rel}","templated":true}]}}