{"id":117617,"date":"2021-05-29T06:18:01","date_gmt":"2021-05-29T10:18:01","guid":{"rendered":"https:\/\/linitiative.ca\/International\/lavion-presidentiel-parmi-les-sujets-a-la-une-au-senegal\/"},"modified":"2021-05-29T06:18:01","modified_gmt":"2021-05-29T10:18:01","slug":"lavion-presidentiel-parmi-les-sujets-a-la-une-au-senegal","status":"publish","type":"post","link":"https:\/\/linitiative.ca\/International\/lavion-presidentiel-parmi-les-sujets-a-la-une-au-senegal\/","title":{"rendered":"L\u2019avion pr\u00e9sidentiel parmi les sujets \u00e0 la Une au S\u00e9n\u00e9gal"},"content":{"rendered":"<div readability=\"32\">\n<p>Publi\u00e9 le 29.05.2021 \u00e0 11h18 par APA News<\/p>\n<\/div>\n<div readability=\"97\">\n<p>Les quotidiens s\u00e9n\u00e9galais de ce samedi traitent d\u2019une diversit\u00e9 de sujets domin\u00e9s par le prix de l\u2019avion pr\u00e9sidentiel, la position de l\u2019Eglise catholique sur l\u2019homosexualit\u00e9 et les 95 ans de l\u2019ex-pr\u00e9sident, Me Abdoulaye Wade.\u00ab Achat de l\u2019avion de commandement pr\u00e9sidentiel-Abdoulaye Daouda Diallo (ministre des Finances et du Budget) vend la m\u00e8che \u00bb, titre Sud Quotidien, informant que le co\u00fbt total de l\u2019Airbus A320 N\u00e9o est de 57.447.235.356 f cfa.<\/p>\n<p>Dans ce journal, le ministre Diallo pr\u00e9cise que l\u2019achat de cet appareil a \u00e9t\u00e9 r\u00e9guli\u00e8rement budg\u00e9tis\u00e9 dans les lois des finances 2019,2020 et 2021, et que le S\u00e9n\u00e9gal est dans la derni\u00e8re tranche de paiement.<\/p>\n<p>\u00ab Co\u00fbt de l\u2019avion pr\u00e9sidentiel 57.447.235.356 f cfa-Abdoulaye Daouda Diallo l\u00e8ve le secret-d\u00e9fense \u00bb, note Kritik, faisant ainsi allusion \u00e0 la sortie du porte-parole du Gouvernement, Oumar Gu\u00e8ye qui disait ne pas pouvoir r\u00e9v\u00e9ler le prix car c\u2019est un secret-d\u00e9fense.<\/p>\n<p>\u00ab Achat de l\u2019avion pr\u00e9sidentiel-Abdoulaye Daouda Diallo l\u00e8ve le secret-d\u00e9fense \u00bb, rench\u00e9rit Walf Quotidien.<\/p>\n<p>Ce qui fait dire \u00e0 L\u2019As que \u00ab Abdoulaye Daouda Diallo cr\u00e8ve l\u2019abc\u00e8s \u00bb.<\/p>\n<p>De son c\u00f4t\u00e9, Source A \u00e9crit qu\u2019\u00e0 propos du co\u00fbt de l\u2019avion pr\u00e9sidentiel, du montant du reliquat \u00e0 verser \u00e0 Airbus, \u00ab l\u2019argentier (de l\u2019Etat) dit tout au peuple \u00bb.<\/p>\n<p>Dans Les Echos, le ministre des Finances et du Budget souligne que le S\u00e9n\u00e9gal a b\u00e9n\u00e9fici\u00e9 d\u2019une remise de 3,09% sur le prix de l\u2019avion.<\/p>\n<p>En faits de soci\u00e9t\u00e9, Le Soleil titre : \u00ab L\u2019Eglise r\u00e9it\u00e8re sa position-Monseigneur dit niet aux homos \u00bb.<\/p>\n<p>\u00ab Homosexualit\u00e9 et p\u00e9dophilie-L\u2019Eglise r\u00e9it\u00e8re son v\u00e9to \u00bb, ajoute Sud Quotidien, \u00e0 c\u00f4t\u00e9 de L\u2019As qui constate que \u00ab l\u2019Eglise marque son aversion \u00bb.<\/p>\n<p>Pendant ce temps, Le Quotidien revient sur ce sujet relatif \u00e0 l\u2019homosexualit\u00e9 donn\u00e9 \u00e0 un examen blanc d\u2019anglais \u00e0 Rufisque et note : \u00ab Une \u00e9preuve pas gay. Les copies retir\u00e9es du Bac blanc. Le ministre veut situer les responsabilit\u00e9s \u00bb.<\/p>\n<p>\u00ab Epreuve d\u2019anglais au Bac blanc du lyc\u00e9e de Rufisque-Un sujet sur l\u2019homosexualit\u00e9 propos\u00e9 aux candidats. Un sondage sur fond de promotion des droits LGBT \u00bb, d\u00e9taille Vox Populi \u00e0 sa Une.<\/p>\n<p>La presse traite \u00e9galement de l\u2019anniversaire de l\u2019ex-pr\u00e9sident. \u00ab Abdoulaye Wade f\u00eate ses 95 ans. Un homme, une conviction, une vie de combats \u00bb, titre Direct News.<\/p>\n<p>\u00ab L\u2019ancien pr\u00e9sident f\u00eate ses 95 ans-Hommage \u00e0 Me Abdoulaye Wade \u00bb, \u00e9crit Dakar Times.<\/p>\n<\/div>\n<p>Auteur: APA News<br \/>\n<a href=\"https:\/\/www.journalducameroun.com\/lavion-presidentiel-parmi-les-sujets-a-la-une-au-senegal\/\">Cliquez ici pour lire l&rsquo;article depuis sa source.<\/a><\/p>\n","protected":false},"excerpt":{"rendered":"<p>Publi\u00e9 le 29.05.2021 \u00e0 11h18 par APA News Les quotidiens s\u00e9n\u00e9galais de ce samedi traitent d\u2019une diversit\u00e9 de sujets domin\u00e9s par le prix de l\u2019avion pr\u00e9sidentiel, la position de l\u2019Eglise catholique sur l\u2019homosexualit\u00e9 et les 95 ans de l\u2019ex-pr\u00e9sident, Me Abdoulaye Wade.\u00ab Achat de l\u2019avion de commandement pr\u00e9sidentiel-Abdoulaye Daouda Diallo (ministre des Finances et du [&hellip;]<\/p>\n","protected":false},"author":1965,"featured_media":0,"comment_status":"closed","ping_status":"closed","sticky":false,"template":"","format":"standard","meta":{"fifu_image_url":"","fifu_image_alt":"","footnotes":""},"categories":[73,82],"tags":[],"class_list":["post-117617","post","type-post","status-publish","format-standard","hentry","category-actualite","category-cameroun"],"_links":{"self":[{"href":"https:\/\/linitiative.ca\/International\/wp-json\/wp\/v2\/posts\/117617","targetHints":{"allow":["GET"]}}],"collection":[{"href":"https:\/\/linitiative.ca\/International\/wp-json\/wp\/v2\/posts"}],"about":[{"href":"https:\/\/linitiative.ca\/International\/wp-json\/wp\/v2\/types\/post"}],"author":[{"embeddable":true,"href":"https:\/\/linitiative.ca\/International\/wp-json\/wp\/v2\/users\/1965"}],"replies":[{"embeddable":true,"href":"https:\/\/linitiative.ca\/International\/wp-json\/wp\/v2\/comments?post=117617"}],"version-history":[{"count":0,"href":"https:\/\/linitiative.ca\/International\/wp-json\/wp\/v2\/posts\/117617\/revisions"}],"wp:attachment":[{"href":"https:\/\/linitiative.ca\/International\/wp-json\/wp\/v2\/media?parent=117617"}],"wp:term":[{"taxonomy":"category","embeddable":true,"href":"https:\/\/linitiative.ca\/International\/wp-json\/wp\/v2\/categories?post=117617"},{"taxonomy":"post_tag","embeddable":true,"href":"https:\/\/linitiative.ca\/International\/wp-json\/wp\/v2\/tags?post=117617"}],"curies":[{"name":"wp","href":"https:\/\/api.w.org\/{rel}","templated":true}]}}