{"id":117618,"date":"2021-05-29T07:18:01","date_gmt":"2021-05-29T11:18:01","guid":{"rendered":"https:\/\/linitiative.ca\/International\/politique-et-sante-au-menu-des-quotidiens-et-hebdomadaires-marocains\/"},"modified":"2021-05-29T07:18:01","modified_gmt":"2021-05-29T11:18:01","slug":"politique-et-sante-au-menu-des-quotidiens-et-hebdomadaires-marocains","status":"publish","type":"post","link":"https:\/\/linitiative.ca\/International\/politique-et-sante-au-menu-des-quotidiens-et-hebdomadaires-marocains\/","title":{"rendered":"Politique et sant\u00e9 au menu des quotidiens et hebdomadaires marocains"},"content":{"rendered":"<div readability=\"32\">\n<p>Publi\u00e9 le 29.05.2021 \u00e0 12h18 par APA News<\/p>\n<\/div>\n<div readability=\"113\">\n<p>Le nouveau mod\u00e8le de d\u00e9veloppement, la crise diplomatique entre le Maroc et l\u2019Espagne et le texte de loi permettant aux m\u00e9decins \u00e9trangers d\u2019exercer leur m\u00e9tier dans les m\u00eames conditions que leurs confr\u00e8res marocains sont les principaux sujets trait\u00e9s par les quotidiens et hebdomadaires marocains parus ce samedi.+La Vie Eco+ \u00e9crit que l\u2019un des grands d\u00e9fis pour le Maroc, dans les dix \u00e0 quinze ann\u00e9es qui viennent, sera de prouver la capacit\u00e9 de d\u00e9finir \u00e0 soi-m\u00eame des challenges et de les r\u00e9ussir, relevant que le nouveau mod\u00e8le de d\u00e9veloppement propose de grands chantiers \u00e0 lancer en urgence pour la sant\u00e9, l\u2019\u00e9ducation, la coh\u00e9sion sociale, et l\u2019emploi, etc.<\/p>\n<p>Entre 2005 et 2021, et de l\u2019aveu de tous les observateurs mondiaux, le Maroc a r\u00e9alis\u00e9 des r\u00e9volutions dans les domaines des \u00e9nergies renouvelables, des infrastructures, des nouvelles technologies, des t\u00e9l\u00e9coms, rappelle l\u2019hebdomadaire, soulignant qu\u2019il ne serait pas insens\u00e9 de penser qu\u2019en 2035 le Maroc sera au rendez-vous.<\/p>\n<p>\u00ab Le Royaume dispose en effet des atouts n\u00e9cessaires pour gagner son pari. Il n\u2019est tout simplement pas \u00e0 son premier coup d\u2019essai \u00bb, fait-il remarquer.<\/p>\n<p>Abordant la crise diplomatique entre le Maroc et l\u2019Espagne, \u00ab Finances News Hebdo \u00bb souligne qu\u2019\u00ab il est utile, de temps \u00e0 autre, de rappeler \u00e0 certains dont la m\u00e9moire s\u2019use dans le temps que l\u2019int\u00e9grit\u00e9 territoriale du Maroc ne peut souffrir d\u2019aucun compromis \u00bb.<\/p>\n<p>\u00ab L\u2019Espagne ne peut pas courtiser le Royaume lorsqu\u2019il s\u2019agit des questions migratoires et de la lutte contre le terrorisme et le trafic international de drogue, pour ensuite ourdir de basses man\u0153uvres politiques lorsqu\u2019il s\u2019agit de notre cause nationale, le Sahara marocain \u00bb, soutient le journal, qui se demande si le gouvernement espagnol a mis sur la balance toutes les implications politiques, \u00e9conomiques et sociales de ce coup tordu jou\u00e9 au Maroc.<\/p>\n<p>\u00ab Et si tant est que le gouvernement espagnol s\u2019obstine dans sa posture, le Maroc prendra acte. Et ripostera \u00e0 la mesure de l\u2019offense qui lui est faite \u00bb, assure-t-il.<\/p>\n<p>+Al Akhbar+ rapporte que le conseil du gouvernement a adopt\u00e9, jeudi dernier, le projet de loi modifiant et compl\u00e9tant la loi relative \u00e0 l\u2019exercice de la m\u00e9decine.<\/p>\n<p>Selon le porte-parole du gouvernement, ce projet a \u00e9t\u00e9 pr\u00e9sent\u00e9 par le ministre de la Sant\u00e9 suite aux instructions royales relatives \u00e0 la r\u00e9forme globale du syst\u00e8me de la sant\u00e9.<\/p>\n<p>Il a mis l\u2019accent sur la n\u00e9cessit\u00e9 de renforcer le capital humain m\u00e9dical car il constitue une composante essentielle dans l\u2019efficacit\u00e9 du syst\u00e8me de sant\u00e9 national. Du coup, poursuit-il, cette loi a revu \u00e0 la baisse les conditions tr\u00e8s strictes d\u2019acc\u00e8s \u00e0 l\u2019exercice de la profession aux m\u00e9decins \u00e9trangers. La porte est, ainsi, ouverte aux m\u00e9decins \u00e9trangers mais aussi aux comp\u00e9tences marocaines qui exercent \u00e0 l\u2019\u00e9tranger par des incitations qui les encouragent \u00e0 retourner dans leur pays.<\/p>\n<p>Cette ouverture va permettre \u00e0 ces m\u00e9decins d\u2019exercer dans le secteur priv\u00e9 de mani\u00e8re permanente au Maroc, informe le quotidien, ajoutant que cette loi rentre dans le cadre de la r\u00e9forme du syst\u00e8me de sant\u00e9 qui valorise les ressources humaines en pr\u00f4nant l\u2019\u00e9galit\u00e9 des chances entre les m\u00e9decins marocains et leurs confr\u00e8res \u00e9trangers.<\/p>\n<p>Du coup, le m\u00e9decin \u00e9tranger va exercer son m\u00e9tier dans les m\u00eames conditions que leurs confr\u00e8res marocains ainsi que les m\u00e9decins \u00e9trangers qui exercent actuellement au Maroc. Le projet de r\u00e9forme vise aussi \u00e0 encourager l\u2019investissement \u00e9tranger, \u00e0 attirer les expertises et \u00e0 disposer des \u00e9quipements biom\u00e9dicaux de grande qualit\u00e9.<\/p>\n<\/div>\n<p>Auteur: APA News<br \/>\n<a href=\"https:\/\/www.journalducameroun.com\/politique-et-sante-au-menu-des-quotidiens-et-hebdomadaires-marocains\/\">Cliquez ici pour lire l&rsquo;article depuis sa source.<\/a><\/p>\n","protected":false},"excerpt":{"rendered":"<p>Publi\u00e9 le 29.05.2021 \u00e0 12h18 par APA News Le nouveau mod\u00e8le de d\u00e9veloppement, la crise diplomatique entre le Maroc et l\u2019Espagne et le texte de loi permettant aux m\u00e9decins \u00e9trangers d\u2019exercer leur m\u00e9tier dans les m\u00eames conditions que leurs confr\u00e8res marocains sont les principaux sujets trait\u00e9s par les quotidiens et hebdomadaires marocains parus ce samedi.+La [&hellip;]<\/p>\n","protected":false},"author":1965,"featured_media":0,"comment_status":"closed","ping_status":"closed","sticky":false,"template":"","format":"standard","meta":{"fifu_image_url":"","fifu_image_alt":"","footnotes":""},"categories":[73,82],"tags":[],"class_list":["post-117618","post","type-post","status-publish","format-standard","hentry","category-actualite","category-cameroun"],"_links":{"self":[{"href":"https:\/\/linitiative.ca\/International\/wp-json\/wp\/v2\/posts\/117618","targetHints":{"allow":["GET"]}}],"collection":[{"href":"https:\/\/linitiative.ca\/International\/wp-json\/wp\/v2\/posts"}],"about":[{"href":"https:\/\/linitiative.ca\/International\/wp-json\/wp\/v2\/types\/post"}],"author":[{"embeddable":true,"href":"https:\/\/linitiative.ca\/International\/wp-json\/wp\/v2\/users\/1965"}],"replies":[{"embeddable":true,"href":"https:\/\/linitiative.ca\/International\/wp-json\/wp\/v2\/comments?post=117618"}],"version-history":[{"count":0,"href":"https:\/\/linitiative.ca\/International\/wp-json\/wp\/v2\/posts\/117618\/revisions"}],"wp:attachment":[{"href":"https:\/\/linitiative.ca\/International\/wp-json\/wp\/v2\/media?parent=117618"}],"wp:term":[{"taxonomy":"category","embeddable":true,"href":"https:\/\/linitiative.ca\/International\/wp-json\/wp\/v2\/categories?post=117618"},{"taxonomy":"post_tag","embeddable":true,"href":"https:\/\/linitiative.ca\/International\/wp-json\/wp\/v2\/tags?post=117618"}],"curies":[{"name":"wp","href":"https:\/\/api.w.org\/{rel}","templated":true}]}}