{"id":117621,"date":"2021-05-29T09:53:39","date_gmt":"2021-05-29T13:53:39","guid":{"rendered":"https:\/\/linitiative.ca\/International\/lutte-contre-la-covid-19-lauf-met-a-disposition-655-millions-de-f-destines-aux-jeunes-chercheurs-de-projets\/"},"modified":"2021-05-29T09:53:39","modified_gmt":"2021-05-29T13:53:39","slug":"lutte-contre-la-covid-19-lauf-met-a-disposition-655-millions-de-f-destines-aux-jeunes-chercheurs-de-projets","status":"publish","type":"post","link":"https:\/\/linitiative.ca\/International\/lutte-contre-la-covid-19-lauf-met-a-disposition-655-millions-de-f-destines-aux-jeunes-chercheurs-de-projets\/","title":{"rendered":"Lutte contre la Covid-19 : l\u2019AUF met \u00e0 disposition 655 millions de F destin\u00e9s aux jeunes chercheurs de projets"},"content":{"rendered":"<p>L\u2019Agence fran\u00e7aise de la Francophonie (AUF), vient de lancer un deuxi\u00e8me appel\u00a0\u00a0projet dans le cadre de la lutte contre la pand\u00e9mie \u00e0 coronavirus, d\u00e9nomm\u00e9 \u00ab\u00a0appel covid-19.2\u00a0\u00bb. Selon l\u2019agence, ce nouvel appel \u00e0 projets \u00ab\u00a0se propose d\u2019interroger les m\u00e9canismes d\u2019adaptation qui favorisent la r\u00e9silience des individus et des collectivit\u00e9s\u00a0; il aura pour objectif principal de valoriser l\u2019apport des universit\u00e9s membres de l\u2019AUF au d\u00e9veloppement de solutions \u00e0 impact technologique et\/ou social pour faire face aux difficult\u00e9s provoqu\u00e9es par la prolongation de la pand\u00e9mie COVID-19 mais \u00e9galement de rep\u00e9rer des initiatives innovantes, frugales et adapt\u00e9es \u00e0 l\u2019\u00e9cosyst\u00e8me pour soutenir des soci\u00e9t\u00e9s fragilis\u00e9es par les cons\u00e9quences d\u2019une crise sanitaire qui s\u2019inscrit dans la dur\u00e9e\u00a0\u00bb, peut-on lire dans le communiqu\u00e9 rendu public le 26 mai dernier \u00e0 cet effet.<\/p>\n<p><strong>Lire aussi<\/strong> : <strong><a href=\"https:\/\/ecomatin.net\/employabilite-des-jeunes-lauf-et-le-gouvernement-signent-trois-accords-de-partenariats\/\">Employabilit\u00e9 des jeunes : l\u2019AUF et le gouvernement signent trois accords de partenariats<\/a><\/strong><\/p>\n<p>Pour ce faire, l\u2019AUF, mets \u00e0 disposition une cagnotte d\u20191 million d\u2019euros soit 655 millions de Fcfa en direction des \u00ab\u00a0aux \u00e9quipes de jeunes chercheurs portant sur des projets au b\u00e9n\u00e9fice des pays du Sud ainsi que des consortia proposant des projets \u00e0 impact national, r\u00e9gional ou international\u00a0\u00bb, renseigne le communiqu\u00e9. Selon l\u2019agence, \u00ab\u00a0la typologie des projets \u00e9ligibles est \u00e9largie afin de pouvoir financer des recherches actions, enqu\u00eates et\/ou \u00e9tudes consacr\u00e9es \u00e0 l\u2019analyse des cons\u00e9quences de la crise sanitaire et qui proposent des solutions innovantes que ce soit dans les domaines de la sant\u00e9, des sciences et technologies mais aussi des sciences humaines, \u00e9conomiques et sociales\u00a0\u00bb, peut-on lire.<\/p>\n<p><strong>Lire aussi<\/strong> : <strong><a href=\"https:\/\/ecomatin.net\/aissatou-sy-wonyu-dirige-la-region-de-lafrique-centrale-et-grands-lacs-de-lauf\/\">A\u00efssatou SY-Wonyu, dirige la r\u00e9gion Afrique Centrale et Grands Lacs de l\u2019AUF<\/a><\/strong><\/p>\n<p>Les b\u00e9n\u00e9ficiaires ici seront r\u00e9partis en deux classes\u00a0: les b\u00e9n\u00e9ficiaires direct du financement avec \u00e9tablissements d\u2019enseignement sup\u00e9rieur membres de l\u2019AUF au b\u00e9n\u00e9fice d\u2019\u00e9tudiant(e)s, associations ou clubs d\u2019\u00e9tudiant(e)s, \u00e9l\u00e8ves-ing\u00e9nieur(e)s, jeunes chercheurs(e)s, laboratoires ou centres de recherche int\u00e9grant de jeunes chercheur(e)s, animateurs(trices) de Fablabs ou d\u2019incubateurs. Et les b\u00e9n\u00e9ficiaires finaux\u00a0: structures \u00e9ducatives, structures de sant\u00e9, structures s\u2019occupant des personnes malades, vuln\u00e9rables ou isol\u00e9es, structures luttant contre les violences ou discriminations bas\u00e9es sur le genre , le handicap ou l\u2019appartenance \u00e0 des milieux marginalis\u00e9s.<\/p>\n<p><strong>Lire aussi<\/strong> : <strong><a href=\"https:\/\/ecomatin.net\/lauf-finance-7-projets-camerounais-de-lutte-contre-le-coronavirus\/\">L\u2019AUF finance 7 projets camerounais de lutte contre le Coronavirus<\/a><\/strong><\/p>\n<p>L\u2019on se souvient qu\u2019au d\u00e9but de la pand\u00e9mie en 2020, l\u2019Agence universitaire de la francophonie avait lanc\u00e9\u00a0d\u2019un premier appel \u00e0 projets international pour soutenir, au sein de ses \u00e9tablissements membres, des initiatives d\u2019\u00e9tudiant(e)s, d\u2019\u00e9l\u00e8ves-ing\u00e9nieur(e)s et de jeunes chercheur(e)s li\u00e9es \u00e0 la pand\u00e9mie. Appel qui avait rencontr\u00e9 un vif succ\u00e8s et avait conduit l\u2019AUF \u00e0 doubler sa subvention initiale pour finalement d\u00e9bloquer plus d\u2019un million d\u2019euros pour financer 92 projets issus de 87 \u00e9tablissements membres dans 44 pays.<\/p>\n<p>Auteur: Cindy MBALA<br \/>\n<a href=\"https:\/\/ecomatin.net\/lutte-contre-la-covid-19-lauf-met-a-disposition-655-millions-de-f-destines-aux-jeunes-chercheurs-de-projets\/\">Cliquez ici pour lire l&rsquo;article depuis sa source.<\/a><\/p>\n","protected":false},"excerpt":{"rendered":"<p>L\u2019Agence fran\u00e7aise de la Francophonie (AUF), vient de lancer un deuxi\u00e8me appel\u00a0\u00a0projet dans le cadre de la lutte contre la pand\u00e9mie \u00e0 coronavirus, d\u00e9nomm\u00e9 \u00ab\u00a0appel covid-19.2\u00a0\u00bb. Selon l\u2019agence, ce nouvel appel \u00e0 projets \u00ab\u00a0se propose d\u2019interroger les m\u00e9canismes d\u2019adaptation qui favorisent la r\u00e9silience des individus et des collectivit\u00e9s\u00a0; il aura pour objectif principal de valoriser [&hellip;]<\/p>\n","protected":false},"author":1969,"featured_media":0,"comment_status":"closed","ping_status":"closed","sticky":false,"template":"","format":"standard","meta":{"fifu_image_url":"","fifu_image_alt":"","footnotes":""},"categories":[82,78],"tags":[],"class_list":["post-117621","post","type-post","status-publish","format-standard","hentry","category-cameroun","category-economie"],"_links":{"self":[{"href":"https:\/\/linitiative.ca\/International\/wp-json\/wp\/v2\/posts\/117621","targetHints":{"allow":["GET"]}}],"collection":[{"href":"https:\/\/linitiative.ca\/International\/wp-json\/wp\/v2\/posts"}],"about":[{"href":"https:\/\/linitiative.ca\/International\/wp-json\/wp\/v2\/types\/post"}],"author":[{"embeddable":true,"href":"https:\/\/linitiative.ca\/International\/wp-json\/wp\/v2\/users\/1969"}],"replies":[{"embeddable":true,"href":"https:\/\/linitiative.ca\/International\/wp-json\/wp\/v2\/comments?post=117621"}],"version-history":[{"count":0,"href":"https:\/\/linitiative.ca\/International\/wp-json\/wp\/v2\/posts\/117621\/revisions"}],"wp:attachment":[{"href":"https:\/\/linitiative.ca\/International\/wp-json\/wp\/v2\/media?parent=117621"}],"wp:term":[{"taxonomy":"category","embeddable":true,"href":"https:\/\/linitiative.ca\/International\/wp-json\/wp\/v2\/categories?post=117621"},{"taxonomy":"post_tag","embeddable":true,"href":"https:\/\/linitiative.ca\/International\/wp-json\/wp\/v2\/tags?post=117621"}],"curies":[{"name":"wp","href":"https:\/\/api.w.org\/{rel}","templated":true}]}}