{"id":117623,"date":"2021-05-29T13:50:11","date_gmt":"2021-05-29T17:50:11","guid":{"rendered":"https:\/\/linitiative.ca\/International\/letat-va-proceder-a-levaluation-a-mi-parcours-des-impacts-socio-economiques-du-projet-de-lom-pangar\/"},"modified":"2021-05-29T13:50:11","modified_gmt":"2021-05-29T17:50:11","slug":"letat-va-proceder-a-levaluation-a-mi-parcours-des-impacts-socio-economiques-du-projet-de-lom-pangar","status":"publish","type":"post","link":"https:\/\/linitiative.ca\/International\/letat-va-proceder-a-levaluation-a-mi-parcours-des-impacts-socio-economiques-du-projet-de-lom-pangar\/","title":{"rendered":"L\u2019Etat va proc\u00e9der \u00e0 l\u2019\u00e9valuation \u00e0 mi-parcours des impacts socio-\u00e9conomiques du Projet de Lom-Pangar"},"content":{"rendered":"<p>Le Gouvernement du Cameroun, se propose de conduire, dans le cadre d\u2019un appel \u00e0 manifestation d\u2019int\u00e9r\u00eat international, une \u00e9valuation \u00e0 mi-parcours des impacts socio\u00e9conomiques du projet hydro\u00e9lectrique de Lom-Pangar (Phlp). Au regard du caract\u00e8re strat\u00e9gique du projet hydro\u00e9lectrique de Lom-Pangar, et pour atteindre des objectifs de d\u00e9veloppement contenus dans la strat\u00e9gique nationale de D\u00e9veloppement 2020-2030 du Cameroun\u00a0; de l\u2019ach\u00e8vement et de la mise en service de la composante 1 du projet, d\u2019une part, \u00a0et d\u2019autre part, du d\u00e9marrage des travaux relatifs \u00e0 la composante 2, le gouvernement justifie cet \u00e9valuation par le fait qu\u2019\u00a0\u00ab\u00a0il serait important et primordiale d\u2019\u00e9valuer \u00e0 mi-parcours ses effet\/impacts, afin de capitaliser les gains et enseignements qui en sont issus, ainsi que d\u2019am\u00e9liorer sa mise en \u0153uvre et celle des projets similaires\u00bb, indique le communiqu\u00e9 du minist\u00e8re de l\u2019Economie, de la planification et de l\u2019am\u00e9nagement du territoire Alamine Ousmane Mey.<\/p>\n<p><strong>Lire aussi :<\/strong> <strong><a href=\"https:\/\/ecomatin.net\/les-travaux-de-construction-de-lusine-de-pied-de-lom-pangar-affichent-un-taux-de-dexecution-de-45\/\">Les travaux de construction de l\u2019usine de pied de Lom Pangar affichent un taux de d\u2019ex\u00e9cution de 45%<\/a><\/strong><\/p>\n<p>Les adjudicataires du pr\u00e9sent appel d\u2019offres, devront sur le plan institutionnel et juridique\u00a0: identifier tous les acteurs institutionnels et analyser leurs r\u00f4les et responsabilit\u00e9s ainsi que leur performance dans la r\u00e9alisation du projet. Il sera aussi question d\u2019identifier, d\u2019\u00e9crire et analyser tous les instruments juridiques en rapport avec le projet. Sur le plan socio\u00e9conomique, il s\u2019agira d\u2019analyser les forces et les faiblesses du projet, appr\u00e9cier les effets et impacts du Phlp sur les entreprises, et aussi sur les activit\u00e9s de p\u00eaches entre autres. \u00a0Sur le plan financier, les cabinets retenus devront appr\u00e9cier les co\u00fbts et les modes de financements du \u00a0Phlp et aussi \u00e9valuer les contributions du projet au remboursement de la dette.<\/p>\n<p><strong>Lire aussi<\/strong> : <strong><a href=\"https:\/\/ecomatin.net\/hydroelectricite-lom-pangar-permet-la-construction-dune-dizaine-de-barrages-sur-la-sanaga\/\">Hydro\u00e9lectricit\u00e9: Lom Pangar permet la construction d\u2019une dizaine de barrages sur la Sanaga<\/a><\/strong><\/p>\n<p>En ce qui concerne la passation des march\u00e9s, l\u2019\u00e9valuation devra analyser les proc\u00e9dures de passation des march\u00e9s utilis\u00e9es.\u00a0L\u2019\u00e9tude d\u2019\u00e9valuation est financ\u00e9e par le Budget d\u2019investissement public de l\u2019Etat du Cameroun, exercice 2021.<\/p>\n<p>Rappelons que, le Phlp est financ\u00e9 par l\u2019Etat avec le concours de plusieurs bailleurs de fonds, notamment la Banque mondiale, le Banque Europ\u00e9en d\u2019investissement, la Banque africaine de d\u00e9veloppement, l\u2019Agence fran\u00e7aise de d\u00e9veloppement. Ce projet consiste en la construction d\u2019un barrage de retenue de 6 milliards de m2, d\u2019une centrale hydro\u00e9lectrique au pied du barrage d\u2019une capacit\u00e9 de 30MW entre autres.<\/p>\n<p><strong>Lire aussi<\/strong> : <strong><a href=\"https:\/\/ecomatin.net\/usine-de-pied-de-lom-pangar-lentreprise-chinoise-camc-et-edc-rassurent-sur-le-respect-des-delais-de-livraison\/\">Usine de pied de Lom Pangar : l\u2019entreprise chinoise CAMC et EDC rassurent sur le respect des d\u00e9lais de livraison<\/a><\/strong><\/p>\n<p>Auteur: Amina MALLOUM<br \/>\n<a href=\"https:\/\/ecomatin.net\/letat-va-proceder-a-levaluation-a-mi-parcours-des-impacts-socio-economiquess-du-projet-de-lom-pangar\/\">Cliquez ici pour lire l&rsquo;article depuis sa source.<\/a><\/p>\n","protected":false},"excerpt":{"rendered":"<p>Le Gouvernement du Cameroun, se propose de conduire, dans le cadre d\u2019un appel \u00e0 manifestation d\u2019int\u00e9r\u00eat international, une \u00e9valuation \u00e0 mi-parcours des impacts socio\u00e9conomiques du projet hydro\u00e9lectrique de Lom-Pangar (Phlp). Au regard du caract\u00e8re strat\u00e9gique du projet hydro\u00e9lectrique de Lom-Pangar, et pour atteindre des objectifs de d\u00e9veloppement contenus dans la strat\u00e9gique nationale de D\u00e9veloppement 2020-2030 [&hellip;]<\/p>\n","protected":false},"author":1969,"featured_media":0,"comment_status":"closed","ping_status":"closed","sticky":false,"template":"","format":"standard","meta":{"fifu_image_url":"","fifu_image_alt":"","footnotes":""},"categories":[82,78],"tags":[],"class_list":["post-117623","post","type-post","status-publish","format-standard","hentry","category-cameroun","category-economie"],"_links":{"self":[{"href":"https:\/\/linitiative.ca\/International\/wp-json\/wp\/v2\/posts\/117623","targetHints":{"allow":["GET"]}}],"collection":[{"href":"https:\/\/linitiative.ca\/International\/wp-json\/wp\/v2\/posts"}],"about":[{"href":"https:\/\/linitiative.ca\/International\/wp-json\/wp\/v2\/types\/post"}],"author":[{"embeddable":true,"href":"https:\/\/linitiative.ca\/International\/wp-json\/wp\/v2\/users\/1969"}],"replies":[{"embeddable":true,"href":"https:\/\/linitiative.ca\/International\/wp-json\/wp\/v2\/comments?post=117623"}],"version-history":[{"count":0,"href":"https:\/\/linitiative.ca\/International\/wp-json\/wp\/v2\/posts\/117623\/revisions"}],"wp:attachment":[{"href":"https:\/\/linitiative.ca\/International\/wp-json\/wp\/v2\/media?parent=117623"}],"wp:term":[{"taxonomy":"category","embeddable":true,"href":"https:\/\/linitiative.ca\/International\/wp-json\/wp\/v2\/categories?post=117623"},{"taxonomy":"post_tag","embeddable":true,"href":"https:\/\/linitiative.ca\/International\/wp-json\/wp\/v2\/tags?post=117623"}],"curies":[{"name":"wp","href":"https:\/\/api.w.org\/{rel}","templated":true}]}}