{"id":117624,"date":"2021-05-29T12:04:30","date_gmt":"2021-05-29T16:04:30","guid":{"rendered":"https:\/\/linitiative.ca\/International\/la-situation-epidemiologique-au-29-mai-2021-a-16h00\/"},"modified":"2021-05-29T12:04:30","modified_gmt":"2021-05-29T16:04:30","slug":"la-situation-epidemiologique-au-29-mai-2021-a-16h00","status":"publish","type":"post","link":"https:\/\/linitiative.ca\/International\/la-situation-epidemiologique-au-29-mai-2021-a-16h00\/","title":{"rendered":"La situation \u00e9pid\u00e9miologique au 29 mai 2021 \u00e0 16H00"},"content":{"rendered":"<header>\n<\/header>\n<div class=\"entry-content clearfix\" readability=\"35\">\n<figure class=\"post-thumbnail\" itemprop=\"associatedMedia\" itemscope=\"itemscope\" itemtype=\"http:\/\/schema.org\/ImageObject\"><img decoding=\"async\" class=\"post_layout_5_img\" src=\"http:\/\/aujourdhui.ma\/wp-content\/uploads\/2021\/04\/Hopital-Covid-19-Coronavirus.jpg\" alt=\"La situation \u00e9pid\u00e9miologique au 29 mai 2021 \u00e0 16H00\"\/><\/figure>\n<p>410 nouveaux cas soit un cumul de 518.868 cas \u00e0 ce jour. 297 gu\u00e9risons soit un cumul de 506.740 \u00e0 ce jour. 3 nouveaux d\u00e9c\u00e8s donc un cumul de 9.138 \u00e0 ce jour.<span id=\"more-377731\"\/><\/p>\n<p><strong>Nombre de personnes vaccin\u00e9es au 29 mai 16H00<\/strong><\/p>\n<p><strong>1\u00e8re dose<\/strong><\/p>\n<p>8.521.177<\/p>\n<p><strong>2\u00e8me dose<\/strong><\/p>\n<p>5.242.075<\/p>\n<p><a href=\"https:http:\/\/aujourdhui.ma\/wp-content\/uploads\/2021\/05\/IMG-20210529-WA0014.jpg\"><img decoding=\"async\" loading=\"lazy\" class=\"aligncenter size-full wp-image-377732\" src=\"http:\/\/aujourdhui.ma\/wp-content\/uploads\/2021\/05\/IMG-20210529-WA0014.jpg\" alt=\"\" width=\"1017\" height=\"1280\" srcset=\"http:\/\/aujourdhui.ma\/wp-content\/uploads\/2021\/05\/IMG-20210529-WA0014.jpg 1017w, \/\/aujourdhui.ma\/wp-content\/uploads\/2021\/05\/IMG-20210529-WA0014-238x300.jpg 238w, \/\/aujourdhui.ma\/wp-content\/uploads\/2021\/05\/IMG-20210529-WA0014-814x1024.jpg 814w, \/\/aujourdhui.ma\/wp-content\/uploads\/2021\/05\/IMG-20210529-WA0014-768x967.jpg 768w\" sizes=\"auto, (max-width: 1017px) 100vw, 1017px\"\/><\/a><\/p>\n<p><a href=\"https:http:\/\/aujourdhui.ma\/wp-content\/uploads\/2021\/05\/IMG-20210529-WA0016.jpg\"><img decoding=\"async\" loading=\"lazy\" class=\"aligncenter size-full wp-image-377733\" src=\"http:\/\/aujourdhui.ma\/wp-content\/uploads\/2021\/05\/IMG-20210529-WA0016.jpg\" alt=\"\" width=\"980\" height=\"1280\" srcset=\"http:\/\/aujourdhui.ma\/wp-content\/uploads\/2021\/05\/IMG-20210529-WA0016.jpg 980w, \/\/aujourdhui.ma\/wp-content\/uploads\/2021\/05\/IMG-20210529-WA0016-230x300.jpg 230w, \/\/aujourdhui.ma\/wp-content\/uploads\/2021\/05\/IMG-20210529-WA0016-784x1024.jpg 784w, \/\/aujourdhui.ma\/wp-content\/uploads\/2021\/05\/IMG-20210529-WA0016-768x1003.jpg 768w\" sizes=\"auto, (max-width: 980px) 100vw, 980px\"\/><\/a><\/p>\n<p><a href=\"https:http:\/\/aujourdhui.ma\/wp-content\/uploads\/2021\/05\/IMG-20210529-WA0015.jpg\"><img decoding=\"async\" loading=\"lazy\" class=\"aligncenter size-full wp-image-377734\" src=\"http:\/\/aujourdhui.ma\/wp-content\/uploads\/2021\/05\/IMG-20210529-WA0015.jpg\" alt=\"\" width=\"689\" height=\"1280\" srcset=\"http:\/\/aujourdhui.ma\/wp-content\/uploads\/2021\/05\/IMG-20210529-WA0015.jpg 689w, \/\/aujourdhui.ma\/wp-content\/uploads\/2021\/05\/IMG-20210529-WA0015-161x300.jpg 161w, \/\/aujourdhui.ma\/wp-content\/uploads\/2021\/05\/IMG-20210529-WA0015-551x1024.jpg 551w\" sizes=\"auto, (max-width: 689px) 100vw, 689px\"\/><\/a><\/p>\n<\/div>\n<p>Auteur: ALM<br \/>\n<a href=\"https:\/\/aujourdhui.ma\/actualite\/la-situation-epidemiologique-au-29-mai-2021-a-16h00\">Cliquez ici pour lire l&rsquo;article depuis sa source.<\/a><\/p>\n","protected":false},"excerpt":{"rendered":"<p>410 nouveaux cas soit un cumul de 518.868 cas \u00e0 ce jour. 297 gu\u00e9risons soit un cumul de 506.740 \u00e0 ce jour. 3 nouveaux d\u00e9c\u00e8s donc un cumul de 9.138 \u00e0 ce jour. Nombre de personnes vaccin\u00e9es au 29 mai 16H00 1\u00e8re dose 8.521.177 2\u00e8me dose 5.242.075 Auteur: ALM Cliquez ici pour lire l&rsquo;article depuis [&hellip;]<\/p>\n","protected":false},"author":1759,"featured_media":0,"comment_status":"closed","ping_status":"closed","sticky":false,"template":"","format":"standard","meta":{"fifu_image_url":"http:\/\/aujourdhui.ma\/wp-content\/uploads\/2021\/04\/Hopital-Covid-19-Coronavirus.jpg","fifu_image_alt":"La situation \u00e9pid\u00e9miologique au 29 mai 2021 \u00e0 16H00","footnotes":""},"categories":[73,54],"tags":[],"class_list":["post-117624","post","type-post","status-publish","format-standard","hentry","category-actualite","category-maroc"],"_links":{"self":[{"href":"https:\/\/linitiative.ca\/International\/wp-json\/wp\/v2\/posts\/117624","targetHints":{"allow":["GET"]}}],"collection":[{"href":"https:\/\/linitiative.ca\/International\/wp-json\/wp\/v2\/posts"}],"about":[{"href":"https:\/\/linitiative.ca\/International\/wp-json\/wp\/v2\/types\/post"}],"author":[{"embeddable":true,"href":"https:\/\/linitiative.ca\/International\/wp-json\/wp\/v2\/users\/1759"}],"replies":[{"embeddable":true,"href":"https:\/\/linitiative.ca\/International\/wp-json\/wp\/v2\/comments?post=117624"}],"version-history":[{"count":0,"href":"https:\/\/linitiative.ca\/International\/wp-json\/wp\/v2\/posts\/117624\/revisions"}],"wp:attachment":[{"href":"https:\/\/linitiative.ca\/International\/wp-json\/wp\/v2\/media?parent=117624"}],"wp:term":[{"taxonomy":"category","embeddable":true,"href":"https:\/\/linitiative.ca\/International\/wp-json\/wp\/v2\/categories?post=117624"},{"taxonomy":"post_tag","embeddable":true,"href":"https:\/\/linitiative.ca\/International\/wp-json\/wp\/v2\/tags?post=117624"}],"curies":[{"name":"wp","href":"https:\/\/api.w.org\/{rel}","templated":true}]}}