{"id":117628,"date":"2021-05-30T11:04:18","date_gmt":"2021-05-30T15:04:18","guid":{"rendered":"https:\/\/linitiative.ca\/International\/covid-19-maroc-la-situation-epidemiologique-au-30-mai-2021-a-16h00\/"},"modified":"2021-05-30T11:04:18","modified_gmt":"2021-05-30T15:04:18","slug":"covid-19-maroc-la-situation-epidemiologique-au-30-mai-2021-a-16h00","status":"publish","type":"post","link":"https:\/\/linitiative.ca\/International\/covid-19-maroc-la-situation-epidemiologique-au-30-mai-2021-a-16h00\/","title":{"rendered":"Covid-19 \/ Maroc : La situation \u00e9pid\u00e9miologique au 30 mai 2021 \u00e0 16H00"},"content":{"rendered":"<header>\n<\/header>\n<div class=\"entry-content clearfix\" readability=\"39\">\n<figure class=\"post-thumbnail\" itemprop=\"associatedMedia\" itemscope=\"itemscope\" itemtype=\"http:\/\/schema.org\/ImageObject\"><img decoding=\"async\" class=\"post_layout_5_img\" src=\"http:\/\/aujourdhui.ma\/wp-content\/uploads\/2021\/03\/Vaccin-Astrazeneca-1-1.jpg\" alt=\"Covid-19 \/ Maroc : La situation \u00e9pid\u00e9miologique au 30 mai 2021 \u00e0 16H00\"\/><\/figure>\n<p><span class=\"c7\"><strong>Entre hier \u00e0 16H00 et aujourd\u2019hui \u00e0 16H00<\/strong><span id=\"more-374899\"\/><span id=\"more-375226\"\/><span id=\"more-376292\"\/><span id=\"more-376389\"\/><span id=\"more-377752\"\/><\/span><\/p>\n<p>240 nouveaux cas soit un cumul de 519.108 cas \u00e0 ce jour.<br \/>222 gu\u00e9risons soit un cumul de 506.962 \u00e0 ce jour.<br \/>5 nouveaux d\u00e9c\u00e8s donc un cumul de 9.143 \u00e0 ce jour.<\/p>\n<p><strong><span class=\"c8\">Nombre de personnes vaccin\u00e9es au 30 mai 16H00<\/span><br \/><\/strong><\/p>\n<p><strong>1\u00e8re dose<br \/><span class=\"c8\">8.521.177<\/span><br \/>2\u00e8me dose<br \/><span class=\"c8\">5.242.075<\/span><br \/><\/strong><\/p>\n<p><a href=\"https:http:\/\/aujourdhui.ma\/wp-content\/uploads\/2021\/05\/Coronavirus-30052021_Page_1-scaled.jpg\"><img decoding=\"async\" loading=\"lazy\" class=\"aligncenter wp-image-377763 size-full\" src=\"http:\/\/aujourdhui.ma\/wp-content\/uploads\/2021\/05\/Coronavirus-30052021_Page_1-scaled.jpg\" alt=\"\" width=\"1608\" height=\"2560\" srcset=\"http:\/\/aujourdhui.ma\/wp-content\/uploads\/2021\/05\/Coronavirus-30052021_Page_1-scaled.jpg 1608w, \/\/aujourdhui.ma\/wp-content\/uploads\/2021\/05\/Coronavirus-30052021_Page_1-188x300.jpg 188w, \/\/aujourdhui.ma\/wp-content\/uploads\/2021\/05\/Coronavirus-30052021_Page_1-643x1024.jpg 643w, \/\/aujourdhui.ma\/wp-content\/uploads\/2021\/05\/Coronavirus-30052021_Page_1-768x1222.jpg 768w, \/\/aujourdhui.ma\/wp-content\/uploads\/2021\/05\/Coronavirus-30052021_Page_1-965x1536.jpg 965w, \/\/aujourdhui.ma\/wp-content\/uploads\/2021\/05\/Coronavirus-30052021_Page_1-1287x2048.jpg 1287w\" sizes=\"auto, (max-width: 1608px) 100vw, 1608px\"\/><\/a> <a href=\"https:http:\/\/aujourdhui.ma\/wp-content\/uploads\/2021\/05\/Coronavirus-30052021_Page_2-scaled.jpg\"><img decoding=\"async\" loading=\"lazy\" class=\"aligncenter wp-image-377764 size-full\" src=\"http:\/\/aujourdhui.ma\/wp-content\/uploads\/2021\/05\/Coronavirus-30052021_Page_2-scaled.jpg\" alt=\"\" width=\"1608\" height=\"2560\" srcset=\"http:\/\/aujourdhui.ma\/wp-content\/uploads\/2021\/05\/Coronavirus-30052021_Page_2-scaled.jpg 1608w, \/\/aujourdhui.ma\/wp-content\/uploads\/2021\/05\/Coronavirus-30052021_Page_2-188x300.jpg 188w, \/\/aujourdhui.ma\/wp-content\/uploads\/2021\/05\/Coronavirus-30052021_Page_2-643x1024.jpg 643w, \/\/aujourdhui.ma\/wp-content\/uploads\/2021\/05\/Coronavirus-30052021_Page_2-768x1222.jpg 768w, \/\/aujourdhui.ma\/wp-content\/uploads\/2021\/05\/Coronavirus-30052021_Page_2-965x1536.jpg 965w, \/\/aujourdhui.ma\/wp-content\/uploads\/2021\/05\/Coronavirus-30052021_Page_2-1287x2048.jpg 1287w\" sizes=\"auto, (max-width: 1608px) 100vw, 1608px\"\/><\/a> <a href=\"https:http:\/\/aujourdhui.ma\/wp-content\/uploads\/2021\/05\/Coronavirus-30052021_Page_3-scaled.jpg\"><img decoding=\"async\" loading=\"lazy\" class=\"aligncenter wp-image-377765 size-full\" src=\"http:\/\/aujourdhui.ma\/wp-content\/uploads\/2021\/05\/Coronavirus-30052021_Page_3-scaled.jpg\" alt=\"\" width=\"1608\" height=\"2560\" srcset=\"http:\/\/aujourdhui.ma\/wp-content\/uploads\/2021\/05\/Coronavirus-30052021_Page_3-scaled.jpg 1608w, \/\/aujourdhui.ma\/wp-content\/uploads\/2021\/05\/Coronavirus-30052021_Page_3-188x300.jpg 188w, \/\/aujourdhui.ma\/wp-content\/uploads\/2021\/05\/Coronavirus-30052021_Page_3-643x1024.jpg 643w, \/\/aujourdhui.ma\/wp-content\/uploads\/2021\/05\/Coronavirus-30052021_Page_3-768x1222.jpg 768w, \/\/aujourdhui.ma\/wp-content\/uploads\/2021\/05\/Coronavirus-30052021_Page_3-965x1536.jpg 965w, \/\/aujourdhui.ma\/wp-content\/uploads\/2021\/05\/Coronavirus-30052021_Page_3-1287x2048.jpg 1287w\" sizes=\"auto, (max-width: 1608px) 100vw, 1608px\"\/><\/a> <a href=\"https:http:\/\/aujourdhui.ma\/wp-content\/uploads\/2021\/05\/Coronavirus-30052021_Page_4.jpg\"><img decoding=\"async\" loading=\"lazy\" class=\"aligncenter wp-image-377766 size-full\" src=\"http:\/\/aujourdhui.ma\/wp-content\/uploads\/2021\/05\/Coronavirus-30052021_Page_4.jpg\" alt=\"\" width=\"2339\" height=\"1853\" srcset=\"http:\/\/aujourdhui.ma\/wp-content\/uploads\/2021\/05\/Coronavirus-30052021_Page_4.jpg 2339w, \/\/aujourdhui.ma\/wp-content\/uploads\/2021\/05\/Coronavirus-30052021_Page_4-300x238.jpg 300w, \/\/aujourdhui.ma\/wp-content\/uploads\/2021\/05\/Coronavirus-30052021_Page_4-1024x811.jpg 1024w, \/\/aujourdhui.ma\/wp-content\/uploads\/2021\/05\/Coronavirus-30052021_Page_4-768x608.jpg 768w, \/\/aujourdhui.ma\/wp-content\/uploads\/2021\/05\/Coronavirus-30052021_Page_4-1536x1217.jpg 1536w, \/\/aujourdhui.ma\/wp-content\/uploads\/2021\/05\/Coronavirus-30052021_Page_4-2048x1622.jpg 2048w\" sizes=\"auto, (max-width: 2339px) 100vw, 2339px\"\/><\/a><\/p>\n<\/div>\n<p>Auteur: ALM<br \/>\n<a href=\"https:\/\/aujourdhui.ma\/societe\/covid-19-maroc-la-situation-epidemiologique-au-30-mai-2021-a-16h00\">Cliquez ici pour lire l&rsquo;article depuis sa source.<\/a><\/p>\n","protected":false},"excerpt":{"rendered":"<p>Entre hier \u00e0 16H00 et aujourd\u2019hui \u00e0 16H00 240 nouveaux cas soit un cumul de 519.108 cas \u00e0 ce jour.222 gu\u00e9risons soit un cumul de 506.962 \u00e0 ce jour.5 nouveaux d\u00e9c\u00e8s donc un cumul de 9.143 \u00e0 ce jour. Nombre de personnes vaccin\u00e9es au 30 mai 16H00 1\u00e8re dose8.521.1772\u00e8me dose5.242.075 Auteur: ALM Cliquez ici pour [&hellip;]<\/p>\n","protected":false},"author":1759,"featured_media":0,"comment_status":"closed","ping_status":"closed","sticky":false,"template":"","format":"standard","meta":{"fifu_image_url":"http:\/\/aujourdhui.ma\/wp-content\/uploads\/2021\/03\/Vaccin-Astrazeneca-1-1.jpg","fifu_image_alt":"Covid-19 \/ Maroc : La situation \u00e9pid\u00e9miologique au 30 mai 2021 \u00e0 16H00","footnotes":""},"categories":[73,54],"tags":[],"class_list":["post-117628","post","type-post","status-publish","format-standard","hentry","category-actualite","category-maroc"],"_links":{"self":[{"href":"https:\/\/linitiative.ca\/International\/wp-json\/wp\/v2\/posts\/117628","targetHints":{"allow":["GET"]}}],"collection":[{"href":"https:\/\/linitiative.ca\/International\/wp-json\/wp\/v2\/posts"}],"about":[{"href":"https:\/\/linitiative.ca\/International\/wp-json\/wp\/v2\/types\/post"}],"author":[{"embeddable":true,"href":"https:\/\/linitiative.ca\/International\/wp-json\/wp\/v2\/users\/1759"}],"replies":[{"embeddable":true,"href":"https:\/\/linitiative.ca\/International\/wp-json\/wp\/v2\/comments?post=117628"}],"version-history":[{"count":0,"href":"https:\/\/linitiative.ca\/International\/wp-json\/wp\/v2\/posts\/117628\/revisions"}],"wp:attachment":[{"href":"https:\/\/linitiative.ca\/International\/wp-json\/wp\/v2\/media?parent=117628"}],"wp:term":[{"taxonomy":"category","embeddable":true,"href":"https:\/\/linitiative.ca\/International\/wp-json\/wp\/v2\/categories?post=117628"},{"taxonomy":"post_tag","embeddable":true,"href":"https:\/\/linitiative.ca\/International\/wp-json\/wp\/v2\/tags?post=117628"}],"curies":[{"name":"wp","href":"https:\/\/api.w.org\/{rel}","templated":true}]}}