{"id":117629,"date":"2021-05-30T10:00:00","date_gmt":"2021-05-30T14:00:00","guid":{"rendered":"https:\/\/linitiative.ca\/International\/galerie-a-lair-libre-les-laureats-devoiles\/"},"modified":"2021-05-30T10:00:00","modified_gmt":"2021-05-30T14:00:00","slug":"galerie-a-lair-libre-les-laureats-devoiles","status":"publish","type":"post","link":"https:\/\/linitiative.ca\/International\/galerie-a-lair-libre-les-laureats-devoiles\/","title":{"rendered":"\u00abGalerie \u00e0 l\u2019air libre\u00bb: les  laur\u00e9ats d\u00e9voil\u00e9s"},"content":{"rendered":"<p class=\"has-vivid-cyan-blue-color has-text-color\"><strong>Dans le cadre de son engagement \u00e0 promouvoir et \u00e0 soutenir la cr\u00e9ation contemporaine au Maroc et dans une p\u00e9riode difficile pour les cr\u00e9ateurs, l\u2019Institut Fran\u00e7ais de Marrakech a invit\u00e9 les artistes amateurs et professionnels \u00e0 r\u00e9pondre \u00e0 l\u2019appel \u00e0 projet \u00abGalerie \u00e0 l\u2019air libre\u00bb. Cet appel \u00e0 production pour les artistes (sculpteur, plasticien, etc.) avait pour objectif la r\u00e9alisation d\u2019\u0153uvres qui prendront place de mani\u00e8re permanente dans les jardins de l\u2019Institut fran\u00e7ais de Marrakech et de la Maison Denise Masson, expliquent les initiateurs \u00a0du projet.<\/strong><\/p>\n<p>Le jeudi 25 mai, le jury s\u2019est r\u00e9uni \u00e0 la Maison Denise Masson. Il \u00e9tait compos\u00e9 des tr\u00e8s talentueux artistes Mahi Binebine et Mohamed Mourabiti, de la Pr\u00e9sidente du Es Saadi Marrakech et grande f\u00e9rue d\u2019art Elisabeth Bauchet Bouhlal, des grandes sp\u00e9cialistes de la cr\u00e9ation contemporaine Meriem Berrada, directrice artistique du MACAAL- Marrakech et Maria Da\u00eff, actrice culturelle, ainsi que de repr\u00e9sentants de l\u2019Institut fran\u00e7ais de Marrakech : le directeur Christophe Chaillot, la responsable de la Maison Denise Masson Sophia Tebbaa et la charg\u00e9e de mission culturelle Naomi Hakimi.<\/p>\n<p><strong>Les laur\u00e9ats d\u00e9voil\u00e9s<\/strong><\/p>\n<p>Reda Boudina, mention sp\u00e9ciale du jury. Ce jeune artiste de 26 ans natif de Mekn\u00e8s est r\u00e9compens\u00e9 pour une sculpture en m\u00e9tal rouill\u00e9 \u00e0 la force artistique unanimement ressentie par le jury.<\/p>\n<p>Yassir Yajri, 26 ans \u00e9galement, originaire de Marrakech, pour sa proposition de sculpture en t\u00f4le magnifiant habilement un ornement architectural tr\u00e8s pr\u00e9sent au Maroc.<\/p>\n<p>Livia Kolb, cr\u00e9atrice fran\u00e7aise multifacette et Ayoub El Ouarti, g\u00e9ographe et anthropologue marocain, pour leur \u00abherbier en plein air\u00bb compos\u00e9 de feuilles en c\u00e9ramique reprenant le savoir-faire des artisans c\u00e9ramistes de la m\u00e9dina et valorisant la diversit\u00e9 v\u00e9g\u00e9tale de Marrakech.<\/p>\n<p>Chihad Zouhair, casablancais de 23 ans, pour son \u0153uvre \u00ab\u00a0Corps en fragmentation\u00a0\u00bb, une sculpture color\u00e9e, fragment\u00e9e et augment\u00e9e. Compos\u00e9e de panneaux thermoplastiques color\u00e9s, elle se transforme sous le regard du visiteur \u00e0 travers une immersion dans la r\u00e9alit\u00e9 augment\u00e9e.<\/p>\n<p>Ces \u0153uvres seront \u00e0 d\u00e9couvrir tr\u00e8s prochainement dans les jardins de l\u2019Institut fran\u00e7ais de Marrakech et de la Maison Denise Masson.<\/p>\n<p>Auteur: M&rsquo;hammed rahal<br \/>\n<a href=\"http:\/\/albayane.press.ma\/galerie-a-lair-libre-les-laureats-devoiles.html\">Cliquez ici pour lire l&rsquo;article depuis sa source.<\/a><\/p>\n","protected":false},"excerpt":{"rendered":"<p>Dans le cadre de son engagement \u00e0 promouvoir et \u00e0 soutenir la cr\u00e9ation contemporaine au Maroc et dans une p\u00e9riode difficile pour les cr\u00e9ateurs, l\u2019Institut Fran\u00e7ais de Marrakech a invit\u00e9 les artistes amateurs et professionnels \u00e0 r\u00e9pondre \u00e0 l\u2019appel \u00e0 projet \u00abGalerie \u00e0 l\u2019air libre\u00bb. Cet appel \u00e0 production pour les artistes (sculpteur, plasticien, etc.) [&hellip;]<\/p>\n","protected":false},"author":1760,"featured_media":0,"comment_status":"closed","ping_status":"closed","sticky":false,"template":"","format":"standard","meta":{"fifu_image_url":"","fifu_image_alt":"","footnotes":""},"categories":[73,54],"tags":[],"class_list":["post-117629","post","type-post","status-publish","format-standard","hentry","category-actualite","category-maroc"],"_links":{"self":[{"href":"https:\/\/linitiative.ca\/International\/wp-json\/wp\/v2\/posts\/117629","targetHints":{"allow":["GET"]}}],"collection":[{"href":"https:\/\/linitiative.ca\/International\/wp-json\/wp\/v2\/posts"}],"about":[{"href":"https:\/\/linitiative.ca\/International\/wp-json\/wp\/v2\/types\/post"}],"author":[{"embeddable":true,"href":"https:\/\/linitiative.ca\/International\/wp-json\/wp\/v2\/users\/1760"}],"replies":[{"embeddable":true,"href":"https:\/\/linitiative.ca\/International\/wp-json\/wp\/v2\/comments?post=117629"}],"version-history":[{"count":0,"href":"https:\/\/linitiative.ca\/International\/wp-json\/wp\/v2\/posts\/117629\/revisions"}],"wp:attachment":[{"href":"https:\/\/linitiative.ca\/International\/wp-json\/wp\/v2\/media?parent=117629"}],"wp:term":[{"taxonomy":"category","embeddable":true,"href":"https:\/\/linitiative.ca\/International\/wp-json\/wp\/v2\/categories?post=117629"},{"taxonomy":"post_tag","embeddable":true,"href":"https:\/\/linitiative.ca\/International\/wp-json\/wp\/v2\/tags?post=117629"}],"curies":[{"name":"wp","href":"https:\/\/api.w.org\/{rel}","templated":true}]}}