{"id":117632,"date":"2021-05-29T18:30:02","date_gmt":"2021-05-29T22:30:02","guid":{"rendered":"https:\/\/linitiative.ca\/International\/le-maghreb-de-fes-sincline-a-domicile-face-a-locs\/"},"modified":"2021-05-29T18:30:02","modified_gmt":"2021-05-29T22:30:02","slug":"le-maghreb-de-fes-sincline-a-domicile-face-a-locs","status":"publish","type":"post","link":"https:\/\/linitiative.ca\/International\/le-maghreb-de-fes-sincline-a-domicile-face-a-locs\/","title":{"rendered":"Le Maghreb de F\u00e8s s\u2019incline \u00e0 domicile face \u00e0 l\u2019OCS"},"content":{"rendered":"<div readability=\"36\">\n<p>Le Maghreb de F\u00e8s (MAS) s\u2019est inclin\u00e9 \u00e0 domicile (1-2) face \u00e0 l\u2019Olympic Safi (OCS), samedi au stade Hassan II \u00e0 F\u00e8s, pour le compte de la 21\u00e8 journ\u00e9e de la Botola Pro D1 \u00ab\u00a0Inwi\u00a0\u00bb de football.<\/p>\n<\/div>\n<div readability=\"40\">\n<p>Salaheddine Benyachou a ouvert le score \u00e0 la 46\u00e8 minute, avant que le Br\u00e9silien Claudio Santos ne double la mise (61\u00e8). La seule r\u00e9alisation des locaux a \u00e9t\u00e9 sign\u00e9e Lahcen Korbi \u00e0 la 73\u00e8 minute.<\/p>\n<p>Cette victoire permet \u00e0 l\u2019OCS de se hisser provisoirement \u00e0 la 4\u00e8 place (29 pts) \u00e0 trois points seulement du podium. Le MAS reste 12\u00e8me avec 22 unit\u00e9s.<\/p>\n<p>La derni\u00e8re rencontre de la soir\u00e9e opposera le Rapide Oued Zem (RCOZ) \u00e0 l\u2019Ittihad de Tanger.<\/p>\n<\/div>\n<p>Auteur: Meriem IGASS<br \/>\n<a href=\"http:\/\/www.mapmarrakech.ma\/fr\/le-maghreb-de-fes-sincline-a-domicile-face-a-locs\/\">Cliquez ici pour lire l&rsquo;article depuis sa source.<\/a><\/p>\n","protected":false},"excerpt":{"rendered":"<p>Le Maghreb de F\u00e8s (MAS) s\u2019est inclin\u00e9 \u00e0 domicile (1-2) face \u00e0 l\u2019Olympic Safi (OCS), samedi au stade Hassan II \u00e0 F\u00e8s, pour le compte de la 21\u00e8 journ\u00e9e de la Botola Pro D1 \u00ab\u00a0Inwi\u00a0\u00bb de football. Salaheddine Benyachou a ouvert le score \u00e0 la 46\u00e8 minute, avant que le Br\u00e9silien Claudio Santos ne double [&hellip;]<\/p>\n","protected":false},"author":1788,"featured_media":0,"comment_status":"closed","ping_status":"closed","sticky":false,"template":"","format":"standard","meta":{"fifu_image_url":"","fifu_image_alt":"","footnotes":""},"categories":[54,76],"tags":[],"class_list":["post-117632","post","type-post","status-publish","format-standard","hentry","category-maroc","category-regions"],"_links":{"self":[{"href":"https:\/\/linitiative.ca\/International\/wp-json\/wp\/v2\/posts\/117632","targetHints":{"allow":["GET"]}}],"collection":[{"href":"https:\/\/linitiative.ca\/International\/wp-json\/wp\/v2\/posts"}],"about":[{"href":"https:\/\/linitiative.ca\/International\/wp-json\/wp\/v2\/types\/post"}],"author":[{"embeddable":true,"href":"https:\/\/linitiative.ca\/International\/wp-json\/wp\/v2\/users\/1788"}],"replies":[{"embeddable":true,"href":"https:\/\/linitiative.ca\/International\/wp-json\/wp\/v2\/comments?post=117632"}],"version-history":[{"count":0,"href":"https:\/\/linitiative.ca\/International\/wp-json\/wp\/v2\/posts\/117632\/revisions"}],"wp:attachment":[{"href":"https:\/\/linitiative.ca\/International\/wp-json\/wp\/v2\/media?parent=117632"}],"wp:term":[{"taxonomy":"category","embeddable":true,"href":"https:\/\/linitiative.ca\/International\/wp-json\/wp\/v2\/categories?post=117632"},{"taxonomy":"post_tag","embeddable":true,"href":"https:\/\/linitiative.ca\/International\/wp-json\/wp\/v2\/tags?post=117632"}],"curies":[{"name":"wp","href":"https:\/\/api.w.org\/{rel}","templated":true}]}}