{"id":117634,"date":"2021-05-30T12:28:09","date_gmt":"2021-05-30T16:28:09","guid":{"rendered":"https:\/\/linitiative.ca\/International\/role-des-conseils-locaux-des-oulemas-dans-lencadrement-religieux\/"},"modified":"2021-05-30T12:28:09","modified_gmt":"2021-05-30T16:28:09","slug":"role-des-conseils-locaux-des-oulemas-dans-lencadrement-religieux","status":"publish","type":"post","link":"https:\/\/linitiative.ca\/International\/role-des-conseils-locaux-des-oulemas-dans-lencadrement-religieux\/","title":{"rendered":"R\u00f4le des conseils locaux des oul\u00e9mas dans l\u2019encadrement religieux"},"content":{"rendered":"<div readability=\"36\">\n<p>Chichaoua \u2013 Les participants \u00e0 un s\u00e9minaire organis\u00e9, samedi \u00e0 Chichaoua, ont mis en avant le r\u00f4le des conseils locaux des oul\u00e9mas dans le renforcement et l\u2019appui de l\u2019encadrement religieux des citoyens pendant la p\u00e9riode de la pand\u00e9mie de la Covid-19.<\/p>\n<\/div>\n<div readability=\"94\">\n<p>Les intervenants lors de cette rencontre, initi\u00e9e par le conseil local des oul\u00e9mas de Chichaoua sur le th\u00e8me \u00ab\u00a0La pand\u00e9mie du nouveau coronavirus : Approche l\u00e9gitime et r\u00e9aliste\u00a0\u00bb, se sont attard\u00e9s sur le r\u00f4le d\u2019\u00e9ducation et d\u2019encadrement assur\u00e9 par ces instances religieuses en temps de pand\u00e9mie, en vue de r\u00e9pondre aux questionnements des citoyens, li\u00e9s \u00e0 la connaissance de la religion \u00e0 m\u00eame de pouvoir s\u2019adapter aux \u00e9volutions de l\u2019\u00e9poque.<\/p>\n<p>Intervenant \u00e0 cette occasion, le pr\u00e9sident du conseil local des oul\u00e9mas de Chichaoua, Abdelhak El Azhari, a expliqu\u00e9 que les musulmans ont v\u00e9cu durant cette p\u00e9riode de pand\u00e9mie une situation in\u00e9dite marqu\u00e9e par la prise d\u2019une s\u00e9rie de d\u00e9cisions exceptionnelles comme la fermeture des mosqu\u00e9es et la distanciation physique pendant l\u2019accomplissement des pri\u00e8res.<\/p>\n<p>Et M. El Azhari d\u2019encha\u00eener que les conseils locaux des oul\u00e9mas ont connu de vifs d\u00e9bats en termes de jurisprudence, relevant l\u2019engouement croissant des citoyens pour les programmes \u00e0 caract\u00e8re religieux et ceux d\u00e9di\u00e9s \u00e0 la sensibilisation et \u00e0 la culture pendant cette p\u00e9riode.<\/p>\n<p>Il a, d\u2019autre part, indiqu\u00e9 que le Royaume a su g\u00e9rer avec succ\u00e8s cette crise sanitaire, soulignant que la pand\u00e9mie interpelle les oul\u00e9mas pour trouver des r\u00e9ponses aux questions urgentes, en gardant \u00e0 l\u2019esprit la r\u00e9alit\u00e9 de la situation et son impact sur le changement de la fatwa en fonction des nouveaut\u00e9s survenues.<\/p>\n<p>De son c\u00f4t\u00e9, le d\u00e9l\u00e9gu\u00e9 provincial des affaires islamiques \u00e0 Chichaoua, Said Iazzi, a salu\u00e9 le r\u00f4le jou\u00e9 par le conseil local des oul\u00e9mas de la province, \u00e0 travers l\u2019\u00e9laboration de programmes scientifiques au cours de cette p\u00e9riode exceptionnelle.<\/p>\n<p>Le responsable a, dans ce sillage, pass\u00e9 en revue les mesures et dispositifs mis en oeuvre par le minist\u00e8re des Habous et des Affaires islamiques, conform\u00e9ment aux Hautes Instructions de Sa Majest\u00e9 le Roi Mohammed VI, Amir Al Mouminine, pour endiguer la propagation de la pand\u00e9mie de la Covid-19.<\/p>\n<p>La s\u00e9ance d\u2019ouverture de cette rencontre a \u00e9t\u00e9 ponctu\u00e9e d\u2019une intervention du pr\u00e9sident du conseil local des oul\u00e9mas de Marrakech, Mohamed Ezzeddine Al Mi\u00e2yar Idrissi, qui a abord\u00e9 les positions des oul\u00e9mas \u00e0 l\u2019\u00e9gard des maladies et pand\u00e9mies, en tant que contribution au traitement des effets de la situation \u00e9pid\u00e9miologique en termes d\u2019attitudes et de conformit\u00e9 aux textes de la Charia pr\u00e9conisant la pr\u00e9vention et la pr\u00e9caution.<\/p>\n<p>Les travaux de ce s\u00e9minaire ont \u00e9t\u00e9 scind\u00e9s en deux s\u00e9ances. La premi\u00e8re a port\u00e9 sur des th\u00e9matiques se rapportant \u00e0 \u00ab\u00a0la solidarit\u00e9 en temps de pand\u00e9mie : la pr\u00e9servation de la soci\u00e9t\u00e9 et la s\u00e9curisation des b\u00e9n\u00e9dictions\u00a0\u00bb et \u00e0 \u00ab\u00a0La pand\u00e9mie du nouveau coronavirus : approche sanitaire\u00a0\u00bb, alors que la seconde s\u2019est focalis\u00e9e notamment sur le r\u00f4le des oul\u00e9mas dans la conscientisation et la sensibilisation durant la pand\u00e9mie, les enseignements tir\u00e9s et l\u2019approche psychologique.<\/p>\n<\/div>\n<p>Auteur: Meriem IGASS<br \/>\n<a href=\"http:\/\/www.mapmarrakech.ma\/fr\/role-des-conseils-locaux-des-oulemas-dans-lencadrement-religieux\/\">Cliquez ici pour lire l&rsquo;article depuis sa source.<\/a><\/p>\n","protected":false},"excerpt":{"rendered":"<p>Chichaoua \u2013 Les participants \u00e0 un s\u00e9minaire organis\u00e9, samedi \u00e0 Chichaoua, ont mis en avant le r\u00f4le des conseils locaux des oul\u00e9mas dans le renforcement et l\u2019appui de l\u2019encadrement religieux des citoyens pendant la p\u00e9riode de la pand\u00e9mie de la Covid-19. Les intervenants lors de cette rencontre, initi\u00e9e par le conseil local des oul\u00e9mas de [&hellip;]<\/p>\n","protected":false},"author":1788,"featured_media":0,"comment_status":"closed","ping_status":"closed","sticky":false,"template":"","format":"standard","meta":{"fifu_image_url":"","fifu_image_alt":"","footnotes":""},"categories":[54,76],"tags":[],"class_list":["post-117634","post","type-post","status-publish","format-standard","hentry","category-maroc","category-regions"],"_links":{"self":[{"href":"https:\/\/linitiative.ca\/International\/wp-json\/wp\/v2\/posts\/117634","targetHints":{"allow":["GET"]}}],"collection":[{"href":"https:\/\/linitiative.ca\/International\/wp-json\/wp\/v2\/posts"}],"about":[{"href":"https:\/\/linitiative.ca\/International\/wp-json\/wp\/v2\/types\/post"}],"author":[{"embeddable":true,"href":"https:\/\/linitiative.ca\/International\/wp-json\/wp\/v2\/users\/1788"}],"replies":[{"embeddable":true,"href":"https:\/\/linitiative.ca\/International\/wp-json\/wp\/v2\/comments?post=117634"}],"version-history":[{"count":0,"href":"https:\/\/linitiative.ca\/International\/wp-json\/wp\/v2\/posts\/117634\/revisions"}],"wp:attachment":[{"href":"https:\/\/linitiative.ca\/International\/wp-json\/wp\/v2\/media?parent=117634"}],"wp:term":[{"taxonomy":"category","embeddable":true,"href":"https:\/\/linitiative.ca\/International\/wp-json\/wp\/v2\/categories?post=117634"},{"taxonomy":"post_tag","embeddable":true,"href":"https:\/\/linitiative.ca\/International\/wp-json\/wp\/v2\/tags?post=117634"}],"curies":[{"name":"wp","href":"https:\/\/api.w.org\/{rel}","templated":true}]}}