{"id":117636,"date":"2021-05-30T13:18:27","date_gmt":"2021-05-30T17:18:27","guid":{"rendered":"https:\/\/linitiative.ca\/International\/coronavirus-240-nouveaux-cas-222-guerisons-en-24h\/"},"modified":"2021-05-30T13:18:27","modified_gmt":"2021-05-30T17:18:27","slug":"coronavirus-240-nouveaux-cas-222-guerisons-en-24h","status":"publish","type":"post","link":"https:\/\/linitiative.ca\/International\/coronavirus-240-nouveaux-cas-222-guerisons-en-24h\/","title":{"rendered":"Coronavirus: 240 nouveaux cas, 222 gu\u00e9risons en 24H"},"content":{"rendered":"<div readability=\"34\">\n<p>Un total de 240 nouveaux cas d\u2019infection au coronavirus et de 222 gu\u00e9risons a \u00e9t\u00e9 enregistr\u00e9 au Maroc au cours des derni\u00e8res 24 heures, a indiqu\u00e9 dimanche le minist\u00e8re de la Sant\u00e9.<\/p>\n<\/div>\n<div readability=\"70\">\n<p align=\"justify\">Le nombre de personnes ayant re\u00e7u la premi\u00e8re dose du vaccin a atteint 8.521.177, indique le minist\u00e8re dans son bulletin quotidien sur la situation de la Covid-19, relevant que les personnes qui ont \u00e9t\u00e9 compl\u00e8tement vaccin\u00e9es (1\u00e8re et 2\u00e8me doses) sont au nombre de\u00a05.242.075.<\/p>\n<p align=\"justify\">Les nouveaux cas d\u2019infection portent \u00e0 519.108 le nombre total des contaminations depuis le premier cas signal\u00e9 en mars 2020, tandis que le nombre des personnes r\u00e9tablies est pass\u00e9 \u00e0 506.962, soit un taux de gu\u00e9rison de 97,7%, pr\u00e9cise le minist\u00e8re.<\/p>\n<p align=\"justify\">A ce jour, le nombre total des d\u00e9c\u00e8s est pass\u00e9 \u00e0 de 9.143, apr\u00e8s cinq nouveaux\u00a0d\u00e9c\u00e8s enregistr\u00e9s dans les r\u00e9gions de Casablanca-Settat (3) et Souss-Massa (2), soit un taux de l\u00e9talit\u00e9 de 1,8%.<\/p>\n<p align=\"justify\">Les nouveaux cas de contamination ont \u00e9t\u00e9 recens\u00e9s dans les r\u00e9gions de Casablanca-Settat (133), Marrakech-Safi (32), Rabat-Sal\u00e9-Kenitra (30), Souss-Massa (14), Tanger-T\u00e9touan-Al Hoceima (11), Dakhla-Oued Eddahab (8), La\u00e2youne-Sakia El Hamra (5), l\u2019Oriental (3), F\u00e8s-Mekn\u00e8s (3) et Beni Mellal- Kh\u00e9nifra (1).<\/p>\n<p align=\"justify\">Les cas actifs sont au nombre de 3.003, tandis que les cas s\u00e9v\u00e8res ou critiques ont atteint 236, dont 10 plac\u00e9s sous intubation et 103 sous ventilation non invasive.<\/p>\n<\/div>\n<p>Auteur: Meriem IGASS<br \/>\n<a href=\"http:\/\/www.mapmarrakech.ma\/fr\/coronavirus-240-nouveaux-cas-222-guerisons-en-24h\/\">Cliquez ici pour lire l&rsquo;article depuis sa source.<\/a><\/p>\n","protected":false},"excerpt":{"rendered":"<p>Un total de 240 nouveaux cas d\u2019infection au coronavirus et de 222 gu\u00e9risons a \u00e9t\u00e9 enregistr\u00e9 au Maroc au cours des derni\u00e8res 24 heures, a indiqu\u00e9 dimanche le minist\u00e8re de la Sant\u00e9. Le nombre de personnes ayant re\u00e7u la premi\u00e8re dose du vaccin a atteint 8.521.177, indique le minist\u00e8re dans son bulletin quotidien sur la [&hellip;]<\/p>\n","protected":false},"author":1788,"featured_media":0,"comment_status":"closed","ping_status":"closed","sticky":false,"template":"","format":"standard","meta":{"fifu_image_url":"","fifu_image_alt":"","footnotes":""},"categories":[54,76],"tags":[],"class_list":["post-117636","post","type-post","status-publish","format-standard","hentry","category-maroc","category-regions"],"_links":{"self":[{"href":"https:\/\/linitiative.ca\/International\/wp-json\/wp\/v2\/posts\/117636","targetHints":{"allow":["GET"]}}],"collection":[{"href":"https:\/\/linitiative.ca\/International\/wp-json\/wp\/v2\/posts"}],"about":[{"href":"https:\/\/linitiative.ca\/International\/wp-json\/wp\/v2\/types\/post"}],"author":[{"embeddable":true,"href":"https:\/\/linitiative.ca\/International\/wp-json\/wp\/v2\/users\/1788"}],"replies":[{"embeddable":true,"href":"https:\/\/linitiative.ca\/International\/wp-json\/wp\/v2\/comments?post=117636"}],"version-history":[{"count":0,"href":"https:\/\/linitiative.ca\/International\/wp-json\/wp\/v2\/posts\/117636\/revisions"}],"wp:attachment":[{"href":"https:\/\/linitiative.ca\/International\/wp-json\/wp\/v2\/media?parent=117636"}],"wp:term":[{"taxonomy":"category","embeddable":true,"href":"https:\/\/linitiative.ca\/International\/wp-json\/wp\/v2\/categories?post=117636"},{"taxonomy":"post_tag","embeddable":true,"href":"https:\/\/linitiative.ca\/International\/wp-json\/wp\/v2\/tags?post=117636"}],"curies":[{"name":"wp","href":"https:\/\/api.w.org\/{rel}","templated":true}]}}