{"id":117637,"date":"2021-05-29T19:09:42","date_gmt":"2021-05-29T23:09:42","guid":{"rendered":"https:\/\/linitiative.ca\/International\/rencontre-a-berkane-sur-lutilisation-des-drones-en-agrumiculture\/"},"modified":"2021-05-29T19:09:42","modified_gmt":"2021-05-29T23:09:42","slug":"rencontre-a-berkane-sur-lutilisation-des-drones-en-agrumiculture","status":"publish","type":"post","link":"https:\/\/linitiative.ca\/International\/rencontre-a-berkane-sur-lutilisation-des-drones-en-agrumiculture\/","title":{"rendered":"Rencontre \u00e0 Berkane sur l\u2019utilisation des drones en agrumiculture"},"content":{"rendered":"<p class=\"c4\">\u00abUtilisation des drones en agrumiculture\u00bb, tel est le th\u00e8me central d\u2019une journ\u00e9e scientifique organis\u00e9e, samedi \u00e0 l\u2019Agropole de Berkane, en pr\u00e9sence du secr\u00e9taire g\u00e9n\u00e9ral du minist\u00e8re de l\u2019Agriculture, de la p\u00eache maritime, du d\u00e9veloppement rural et des eaux et for\u00eats, Mohammed Sadiki.<\/p>\n<p class=\"c4\">Initi\u00e9e en application des orientations de la nouvelle strat\u00e9gie \u00abG\u00e9n\u00e9ration Green 2020-2030\u00bb, cette rencontre a \u00e9t\u00e9 suivie d\u2019une d\u00e9monstration sur le terrain, dans un verger d\u2019agrumes, pour expliquer le mode de fonctionnement et d\u2019utilisation des drones dans le traitement des arbres fruitiers.<\/p>\n<p class=\"c4\">La rencontre \u00e9tait une opportunit\u00e9 pour partager les acquis de recherche et sensibiliser les diff\u00e9rents acteurs et intervenants dans la fili\u00e8re agrumicole au niveau r\u00e9gional sur l\u2019importance et la valeur ajout\u00e9e de cette technologie dans l\u2019am\u00e9lioration et la consolidation de la gestion technique des agrumes.<\/p>\n<p class=\"c4\">Elle avait pour but \u00e9galement le d\u00e9veloppement de th\u00e8mes de Recherche et D\u00e9veloppement relatives \u00e0 l\u2019introduction de l\u2019agriculture digitale et de pr\u00e9cision dans l\u2019agrumiculture.<\/p>\n<p class=\"c4\">Ouvrant les travaux de cette atelier scientifique, M. Sadiki a soulign\u00e9 la dynamique de d\u00e9veloppement qu\u2019a connue le secteur agricole \u00e0 la faveur du Plan Maroc Vert (PMV), mettant en avant les objectifs de la nouvelle strat\u00e9gie \u00abG\u00e9n\u00e9ration Green 2020-2030\u00bb.<\/p>\n<p class=\"c4\">Il a soulign\u00e9 dans ce sens que les objectifs trac\u00e9s dans le cadre du PMV ont \u00e9t\u00e9 atteints \u00e0 tous les niveaux (production, qualit\u00e9, financement,\u2026) et que la r\u00e9silience de l\u2019agriculture a \u00e9t\u00e9 consolid\u00e9e, notant que la nouvelle strat\u00e9gie \u00abG\u00e9n\u00e9ration Green\u00bb se base sur une capitalisation de ces acquis tout en relevant de nouveaux d\u00e9fis.<\/p>\n<p class=\"c4\">Le but \u00e9tant de conforter les acquis et de poursuivre la dynamique de d\u00e9veloppement agricole via des actions adapt\u00e9es, a-t-il dit, mettant l\u2019accent sur la valorisation de l\u2019\u00e9l\u00e9ment humain, la naissance d\u2019une nouvelle g\u00e9n\u00e9ration de jeunes entrepreneurs et l\u2019introduction des nouvelles technologies et la digitalisation des services agricoles.<\/p>\n<p class=\"c4\">Pour M. Sadiki, cette journ\u00e9e de r\u00e9flexion et de travail qui a r\u00e9uni aussi bien les services de l\u2019Agriculture que les professionels autour de l\u2019agriculture num\u00e9rique et l\u2019utilisation des technologies, telle que les drones, rev\u00eat une tr\u00e8s grande importance.<\/p>\n<p class=\"c4\">Il a expliqu\u00e9, dans une d\u00e9claration \u00e0 la MAP, que la rencontre a permis de d\u00e9montrer l\u2019apport de l\u2019utilisation des drones dans le secteur agricole en mati\u00e8re de gestion des intrants, de protection des cultures et d\u2019utilisation rationnelle des produits chimiques, notant que le nouveau plan de d\u00e9veloppement agricole \u00abG\u00e9n\u00e9ration Green\u00bb donne une place extr\u00eamement importante \u00e0 la num\u00e9risation dans l\u2019agriculture et aux technologies qui permettent d\u2019aller plus vite en mati\u00e8re de g\u00e9n\u00e9ralisation du concept de l\u2019agriculture de pr\u00e9cision.<\/p>\n<p class=\"c4\">M. Sadiki a aussi mis en avant la d\u00e9mocratisation de l\u2019utilisation de ces technologies eu \u00e9gard \u00e0 leur impact positif non seulement dans l\u2019augmentation du rendement et l\u2019utilisation rationnelle des intrants mais aussi dans la protection de l\u2019environnement.<\/p>\n<p class=\"c4\">De son c\u00f4t\u00e9, Abbes Kailil, ing\u00e9nieur en a\u00e9rospatiale, a \u00e9num\u00e9r\u00e9 les avantages de l\u2019introduction des drones dans le domaine agricole, notamment en ce qui concerne l\u2019efficacit\u00e9 du traitement phytosanitaire des cultures par voie a\u00e9rienne \u00e0 travers la ma\u00eetrise de l\u2019utilisation des produits chimiques (pesticides, engrais, \u2026), et la protection de l\u2019environnement et des individus.<\/p>\n<p class=\"c4\">Les drones fonctionnent de mani\u00e8re totalement autonome tout en assurant dans le traitement l\u2019uniformit\u00e9, l\u2019homog\u00e9n\u00e9it\u00e9 et la pr\u00e9cision, a-t-il ajout\u00e9, faisant savoir que ce projet d\u2019utilisation de ces engins dans l\u2019agriculture, qui est \u00e0 son d\u00e9but et qui d\u00e9pend de la nature des cultures et du traitement, sera g\u00e9n\u00e9ralis\u00e9 \u00e0 l\u2019\u00e9chelon national.<\/p>\n<p class=\"c4\">Mettant en exergue les deux composantes de ce projets, \u00e0 savoir le volet de la recherche scientifique et de la formation des ing\u00e9nieurs et des techniciens pour accompagner ce d\u00e9veloppement, et le c\u00f4t\u00e9 pratique, M. Kailil a pr\u00e9cis\u00e9 que le minist\u00e8re de l\u2019Agriculture, l\u2019Institut national de la recherche agronomique (INRA) et l\u2019Office national du conseil agricole (ONCA) veillent \u00e0 ce que l\u2019int\u00e9gration de cette technologie ait des retomb\u00e9es positives sur le secteur agricole.<\/p>\n<p class=\"c4\">Dans son intervention lors de la rencontre, M. Kailil a affirm\u00e9 que pour un rendement stable et \u00e9lev\u00e9, les cultures ont besoin d\u2019une fertilisation \u00e9quilibr\u00e9e, uniforme et d\u2019un entretien continu, rappelant qu\u2019actuellement ces traitements se font \u00e0 travers des pulv\u00e9risateurs tra\u00een\u00e9s par des tracteurs ou embarqu\u00e9s sur de petits v\u00e9hicules ou par a\u00e9ronefs en cas de grandes superficies.<\/p>\n<p class=\"c4\">Ces m\u00e9thodes classiques peuvent \u00eatre tr\u00e8s co\u00fbteuses en temps et en \u00e9nergie, polluantes et non \u00e9conomes en eau, de m\u00eame qu\u2019elles peuvent engendrer des d\u00e9g\u00e2ts surtout \u00e0 des stades avanc\u00e9es de la culture, a-t-il poursuivi, pr\u00e9cisant que les drones peuvent \u00eatre exploit\u00e9s de mani\u00e8re totalement autonome et programm\u00e9e pour fonctionner selon des horaires et des itin\u00e9raires sp\u00e9cifiques.<\/p>\n<p class=\"c4\">Cette journ\u00e9e scientifique a \u00e9t\u00e9 organis\u00e9e par l\u2019INRA \u00e0 travers son Centre r\u00e9gional de recherche scientifique d\u2019Oujda et la soci\u00e9t\u00e9 Morroccan industry service &amp; engineering, en partenariat notamment avec la Direction r\u00e9gionale de l\u2019Agriculture\u00a0 (DRA) de l\u2019Oriental.<\/p>\n<p>Auteur: Soufiane ELAHMAR<br \/>\n<a href=\"http:\/\/www.mapoujda.ma\/fr\/rencontre-a-berkane-sur-lutilisation-des-drones-en-agrumiculture\/\">Cliquez ici pour lire l&rsquo;article depuis sa source.<\/a><\/p>\n","protected":false},"excerpt":{"rendered":"<p>\u00abUtilisation des drones en agrumiculture\u00bb, tel est le th\u00e8me central d\u2019une journ\u00e9e scientifique organis\u00e9e, samedi \u00e0 l\u2019Agropole de Berkane, en pr\u00e9sence du secr\u00e9taire g\u00e9n\u00e9ral du minist\u00e8re de l\u2019Agriculture, de la p\u00eache maritime, du d\u00e9veloppement rural et des eaux et for\u00eats, Mohammed Sadiki. Initi\u00e9e en application des orientations de la nouvelle strat\u00e9gie \u00abG\u00e9n\u00e9ration Green 2020-2030\u00bb, cette [&hellip;]<\/p>\n","protected":false},"author":1788,"featured_media":0,"comment_status":"closed","ping_status":"closed","sticky":false,"template":"","format":"standard","meta":{"fifu_image_url":"","fifu_image_alt":"","footnotes":""},"categories":[54,76],"tags":[],"class_list":["post-117637","post","type-post","status-publish","format-standard","hentry","category-maroc","category-regions"],"_links":{"self":[{"href":"https:\/\/linitiative.ca\/International\/wp-json\/wp\/v2\/posts\/117637","targetHints":{"allow":["GET"]}}],"collection":[{"href":"https:\/\/linitiative.ca\/International\/wp-json\/wp\/v2\/posts"}],"about":[{"href":"https:\/\/linitiative.ca\/International\/wp-json\/wp\/v2\/types\/post"}],"author":[{"embeddable":true,"href":"https:\/\/linitiative.ca\/International\/wp-json\/wp\/v2\/users\/1788"}],"replies":[{"embeddable":true,"href":"https:\/\/linitiative.ca\/International\/wp-json\/wp\/v2\/comments?post=117637"}],"version-history":[{"count":0,"href":"https:\/\/linitiative.ca\/International\/wp-json\/wp\/v2\/posts\/117637\/revisions"}],"wp:attachment":[{"href":"https:\/\/linitiative.ca\/International\/wp-json\/wp\/v2\/media?parent=117637"}],"wp:term":[{"taxonomy":"category","embeddable":true,"href":"https:\/\/linitiative.ca\/International\/wp-json\/wp\/v2\/categories?post=117637"},{"taxonomy":"post_tag","embeddable":true,"href":"https:\/\/linitiative.ca\/International\/wp-json\/wp\/v2\/tags?post=117637"}],"curies":[{"name":"wp","href":"https:\/\/api.w.org\/{rel}","templated":true}]}}