{"id":117639,"date":"2021-05-30T13:07:48","date_gmt":"2021-05-30T17:07:48","guid":{"rendered":"https:\/\/linitiative.ca\/International\/lump-doujda-accompagne-la-dynamique-de-developpement-de-larganiculture\/"},"modified":"2021-05-30T13:07:48","modified_gmt":"2021-05-30T17:07:48","slug":"lump-doujda-accompagne-la-dynamique-de-developpement-de-larganiculture","status":"publish","type":"post","link":"https:\/\/linitiative.ca\/International\/lump-doujda-accompagne-la-dynamique-de-developpement-de-larganiculture\/","title":{"rendered":"L\u2019UMP d\u2019Oujda accompagne la dynamique de d\u00e9veloppement de l\u2019arganiculture"},"content":{"rendered":"<p><iframe loading=\"lazy\" width=\"1170\" height=\"658\" src=\"https:\/\/www.youtube.com\/embed\/M5p-PwN252g?feature=oembed\" frameborder=\"0\" allow=\"accelerometer; autoplay; clipboard-write; encrypted-media; gyroscope; picture-in-picture\" allowfullscreen=\"allowfullscreen\">[embedded content]<\/iframe><\/p>\n<div class=\"single-post-excerpt post-excerpt-bc\" readability=\"36\">\n<p>Pleinement consciente de l\u2019importance de l\u2019approche participative visant \u00e0 faire de la biodiversit\u00e9 et de sa conservation un r\u00e9el moteur de d\u00e9veloppement socio-\u00e9conomique local, l\u2019Universit\u00e9 Mohammed Premier (UMP-Oujda) est activement engag\u00e9e dans la dynamique de reboisement et de d\u00e9veloppement de l\u2019arganier dans la r\u00e9gion de l\u2019Oriental.<\/p>\n<\/div>\n<p>Auteur: Soufiane ELAHMAR<br \/>\n<a href=\"http:\/\/www.mapoujda.ma\/fr\/lump-doujda-accompagne-la-dynamique-de-developpement-de-larganiculture-2\/\">Cliquez ici pour lire l&rsquo;article depuis sa source.<\/a><\/p>\n","protected":false},"excerpt":{"rendered":"<p>[embedded content] Pleinement consciente de l\u2019importance de l\u2019approche participative visant \u00e0 faire de la biodiversit\u00e9 et de sa conservation un r\u00e9el moteur de d\u00e9veloppement socio-\u00e9conomique local, l\u2019Universit\u00e9 Mohammed Premier (UMP-Oujda) est activement engag\u00e9e dans la dynamique de reboisement et de d\u00e9veloppement de l\u2019arganier dans la r\u00e9gion de l\u2019Oriental. Auteur: Soufiane ELAHMAR Cliquez ici pour lire [&hellip;]<\/p>\n","protected":false},"author":1788,"featured_media":0,"comment_status":"closed","ping_status":"closed","sticky":false,"template":"","format":"standard","meta":{"fifu_image_url":"","fifu_image_alt":"","footnotes":""},"categories":[54,76],"tags":[],"class_list":["post-117639","post","type-post","status-publish","format-standard","hentry","category-maroc","category-regions"],"_links":{"self":[{"href":"https:\/\/linitiative.ca\/International\/wp-json\/wp\/v2\/posts\/117639","targetHints":{"allow":["GET"]}}],"collection":[{"href":"https:\/\/linitiative.ca\/International\/wp-json\/wp\/v2\/posts"}],"about":[{"href":"https:\/\/linitiative.ca\/International\/wp-json\/wp\/v2\/types\/post"}],"author":[{"embeddable":true,"href":"https:\/\/linitiative.ca\/International\/wp-json\/wp\/v2\/users\/1788"}],"replies":[{"embeddable":true,"href":"https:\/\/linitiative.ca\/International\/wp-json\/wp\/v2\/comments?post=117639"}],"version-history":[{"count":0,"href":"https:\/\/linitiative.ca\/International\/wp-json\/wp\/v2\/posts\/117639\/revisions"}],"wp:attachment":[{"href":"https:\/\/linitiative.ca\/International\/wp-json\/wp\/v2\/media?parent=117639"}],"wp:term":[{"taxonomy":"category","embeddable":true,"href":"https:\/\/linitiative.ca\/International\/wp-json\/wp\/v2\/categories?post=117639"},{"taxonomy":"post_tag","embeddable":true,"href":"https:\/\/linitiative.ca\/International\/wp-json\/wp\/v2\/tags?post=117639"}],"curies":[{"name":"wp","href":"https:\/\/api.w.org\/{rel}","templated":true}]}}