{"id":117640,"date":"2021-05-30T05:30:09","date_gmt":"2021-05-30T09:30:09","guid":{"rendered":"https:\/\/linitiative.ca\/International\/linstitut-montaigne-juge-la-gestion-du-covid-au-maroc\/"},"modified":"2021-05-30T05:30:09","modified_gmt":"2021-05-30T09:30:09","slug":"linstitut-montaigne-juge-la-gestion-du-covid-au-maroc","status":"publish","type":"post","link":"https:\/\/linitiative.ca\/International\/linstitut-montaigne-juge-la-gestion-du-covid-au-maroc\/","title":{"rendered":"L\u2019Institut Montaigne juge la gestion du Covid au Maroc"},"content":{"rendered":"<p class=\"rtejustify\">Dans un nouveau rapport sur la situation politique, \u00e9conomique et sociale au Maghreb, l\u2019Institut Montaigne a consacr\u00e9 une partie \u00e0 la gestion de la pand\u00e9mie de Covid19. Pour le think tank, \u00ab l\u2019\u00c9tat marocain a r\u00e9agi \u00ab\u00a0rapidement\u00a0\u00bb, tant sur le plan sanitaire que financier d\u00e8s le d\u00e9but de la pand\u00e9mie de la Covid-19 \u00bb.<\/p>\n<p class=\"rtejustify\">\u00ab Le Royaume \u201cest parvenu, malgr\u00e9 un confinement strict, \u00e0 soutenir les entreprises avec des dispositifs comparables \u00e0 ceux des pays riches \u00bb, rel\u00e8ve le rapport intitul\u00e9 \u00ab\u00a0La stabilit\u00e9 du Maghreb, un imp\u00e9ratif pour l\u2019Europe\u00a0\u00bb.<\/p>\n<p class=\"rtejustify\">\u00c0 l\u2019issue de la premi\u00e8re vague de l\u2019\u00e9pid\u00e9mie, le Maroc a rapidement mobilis\u00e9 un \u00ab grand nombre \u00bb d\u2019outils de soutien \u00e0 l\u2019\u00e9conomie et s\u2019est efforc\u00e9 d&rsquo;appuyer le pouvoir d\u2019achat des plus fragiles, rappelle aussi l\u2019Institut Montaigne, qui revient ainsi sur la panoplie de mesures d\u2019aide et de soutien mises en place par les autorit\u00e9s marocaines pour affronter la crise sanitaire li\u00e9e au Covid-19 et son impact social et \u00e9conomique. Apr\u00e8s la premi\u00e8re vague \u00e9pid\u00e9mique, le Royaume a \u00ab d\u00e9montr\u00e9 sa capacit\u00e9 \u00e0 mobiliser rapidement un grand nombre d\u2019outils de financement, tout en accordant une priorit\u00e9 au soutien aux populations fragiles et \u00e0 la gestion de l\u2019urgence sanitaire \u00bb, souligne \u00e9galement le document.<\/p>\n<p>Auteur: hgueye<br \/>\n<a href=\"https:\/\/www.leconomiste.com\/flash-infos\/l-institut-montaigne-juge-la-gestion-du-covid-au-maroc\">Cliquez ici pour lire l&rsquo;article depuis sa source.<\/a><\/p>\n","protected":false},"excerpt":{"rendered":"<p>Dans un nouveau rapport sur la situation politique, \u00e9conomique et sociale au Maghreb, l\u2019Institut Montaigne a consacr\u00e9 une partie \u00e0 la gestion de la pand\u00e9mie de Covid19. Pour le think tank, \u00ab l\u2019\u00c9tat marocain a r\u00e9agi \u00ab\u00a0rapidement\u00a0\u00bb, tant sur le plan sanitaire que financier d\u00e8s le d\u00e9but de la pand\u00e9mie de la Covid-19 \u00bb. \u00ab [&hellip;]<\/p>\n","protected":false},"author":1763,"featured_media":0,"comment_status":"closed","ping_status":"closed","sticky":false,"template":"","format":"standard","meta":{"fifu_image_url":"","fifu_image_alt":"","footnotes":""},"categories":[78,54],"tags":[],"class_list":["post-117640","post","type-post","status-publish","format-standard","hentry","category-economie","category-maroc"],"_links":{"self":[{"href":"https:\/\/linitiative.ca\/International\/wp-json\/wp\/v2\/posts\/117640","targetHints":{"allow":["GET"]}}],"collection":[{"href":"https:\/\/linitiative.ca\/International\/wp-json\/wp\/v2\/posts"}],"about":[{"href":"https:\/\/linitiative.ca\/International\/wp-json\/wp\/v2\/types\/post"}],"author":[{"embeddable":true,"href":"https:\/\/linitiative.ca\/International\/wp-json\/wp\/v2\/users\/1763"}],"replies":[{"embeddable":true,"href":"https:\/\/linitiative.ca\/International\/wp-json\/wp\/v2\/comments?post=117640"}],"version-history":[{"count":0,"href":"https:\/\/linitiative.ca\/International\/wp-json\/wp\/v2\/posts\/117640\/revisions"}],"wp:attachment":[{"href":"https:\/\/linitiative.ca\/International\/wp-json\/wp\/v2\/media?parent=117640"}],"wp:term":[{"taxonomy":"category","embeddable":true,"href":"https:\/\/linitiative.ca\/International\/wp-json\/wp\/v2\/categories?post=117640"},{"taxonomy":"post_tag","embeddable":true,"href":"https:\/\/linitiative.ca\/International\/wp-json\/wp\/v2\/tags?post=117640"}],"curies":[{"name":"wp","href":"https:\/\/api.w.org\/{rel}","templated":true}]}}