{"id":117642,"date":"2021-05-30T07:26:17","date_gmt":"2021-05-30T11:26:17","guid":{"rendered":"https:\/\/linitiative.ca\/International\/habitat-urbanisme-les-quatre-defis-a-relever-selon-bouchareb\/"},"modified":"2021-05-30T07:26:17","modified_gmt":"2021-05-30T11:26:17","slug":"habitat-urbanisme-les-quatre-defis-a-relever-selon-bouchareb","status":"publish","type":"post","link":"https:\/\/linitiative.ca\/International\/habitat-urbanisme-les-quatre-defis-a-relever-selon-bouchareb\/","title":{"rendered":"Habitat\/Urbanisme: Les quatre d\u00e9fis \u00e0 relever selon Bouchareb"},"content":{"rendered":"<p class=\"rtejustify\">La ministre de l&rsquo;Am\u00e9nagement du territoire national, de l&rsquo;Urbanisme, de l&rsquo;Habitat et de la Politique de la ville, Nouzha Bouchareb, a mis l\u2019accent, samedi \u00e0 Tanger, sur les nouveaux d\u00e9fis \u00e0 relever afin de renforcer la r\u00e9silience du secteur de l\u2019habitat et de l\u2019urbanisme.<\/p>\n<p class=\"rtejustify\">Lors d\u2019une rencontre de communication avec les acteurs et les professionnels du secteur dans la r\u00e9gion de Tanger-T\u00e9touan-Al Hoceima, Bouchareb a indiqu\u00e9 que le secteur devra mettra l\u2019accent sur quatre d\u00e9fis principaux, dont le premier porte sur la r\u00e9duction des disparit\u00e9s territoriales \u00ab\u00a0\u00e0 travers l\u2019adoption de nouvelles orientations pour l\u2019am\u00e9nagement du territoire\u00a0\u00bb. Le secteur devra, en outre, \u00ab\u00a0mettre l\u2019urbanisme au service du d\u00e9veloppement \u00e9conomique \u00e0 travers la facilitation des proc\u00e9dures\u00a0\u00bb, d\u00e9velopper un nouveau mod\u00e8le de logement abordable et lutter contre toute sorte de logement insalubre, a fait savoir la ministre.\u00a0Enfin, l\u2019accent devra \u00eatre mis sur le d\u00e9veloppement de centres ruraux \u00e9mergents \u00e0 travers un programme int\u00e9gr\u00e9.<\/p>\n<p class=\"rtejustify\">Bouchareb a par ailleurs soulign\u00e9 la n\u00e9cessit\u00e9 de faciliter la relation entre l&rsquo;administration et les usagers. Surtout que son d\u00e9partement a adopt\u00e9 de nouvelles solutions durant la pand\u00e9mie, \u00e0 travers notamment l\u2019acc\u00e9l\u00e9ration de la num\u00e9risation, la d\u00e9mat\u00e9rialisation et la facilitation des proc\u00e9dures.<\/p>\n<p class=\"rtejustify\">Sur un autre volet, la ministre a indiqu\u00e9 que le taux de couverture en documents d\u2019urbanisme a d\u00e9pass\u00e9 87% dans la r\u00e9gion Tanger-T\u00e9touan-Al Hoceima. \u00ab\u00a0Il est pr\u00e9vu que ce taux atteigne 94% \u00e0 fin 2021\u00a0\u00bb, a-t-elle indiqu\u00e9.<\/p>\n<p>Auteur: hgueye<br \/>\n<a href=\"https:\/\/www.leconomiste.com\/flash-infos\/habitat-urbanisme-les-quatre-defis-relever-selon-bouchareb\">Cliquez ici pour lire l&rsquo;article depuis sa source.<\/a><\/p>\n","protected":false},"excerpt":{"rendered":"<p>La ministre de l&rsquo;Am\u00e9nagement du territoire national, de l&rsquo;Urbanisme, de l&rsquo;Habitat et de la Politique de la ville, Nouzha Bouchareb, a mis l\u2019accent, samedi \u00e0 Tanger, sur les nouveaux d\u00e9fis \u00e0 relever afin de renforcer la r\u00e9silience du secteur de l\u2019habitat et de l\u2019urbanisme. Lors d\u2019une rencontre de communication avec les acteurs et les professionnels [&hellip;]<\/p>\n","protected":false},"author":1763,"featured_media":0,"comment_status":"closed","ping_status":"closed","sticky":false,"template":"","format":"standard","meta":{"fifu_image_url":"","fifu_image_alt":"","footnotes":""},"categories":[78,54],"tags":[],"class_list":["post-117642","post","type-post","status-publish","format-standard","hentry","category-economie","category-maroc"],"_links":{"self":[{"href":"https:\/\/linitiative.ca\/International\/wp-json\/wp\/v2\/posts\/117642","targetHints":{"allow":["GET"]}}],"collection":[{"href":"https:\/\/linitiative.ca\/International\/wp-json\/wp\/v2\/posts"}],"about":[{"href":"https:\/\/linitiative.ca\/International\/wp-json\/wp\/v2\/types\/post"}],"author":[{"embeddable":true,"href":"https:\/\/linitiative.ca\/International\/wp-json\/wp\/v2\/users\/1763"}],"replies":[{"embeddable":true,"href":"https:\/\/linitiative.ca\/International\/wp-json\/wp\/v2\/comments?post=117642"}],"version-history":[{"count":0,"href":"https:\/\/linitiative.ca\/International\/wp-json\/wp\/v2\/posts\/117642\/revisions"}],"wp:attachment":[{"href":"https:\/\/linitiative.ca\/International\/wp-json\/wp\/v2\/media?parent=117642"}],"wp:term":[{"taxonomy":"category","embeddable":true,"href":"https:\/\/linitiative.ca\/International\/wp-json\/wp\/v2\/categories?post=117642"},{"taxonomy":"post_tag","embeddable":true,"href":"https:\/\/linitiative.ca\/International\/wp-json\/wp\/v2\/tags?post=117642"}],"curies":[{"name":"wp","href":"https:\/\/api.w.org\/{rel}","templated":true}]}}