{"id":117643,"date":"2021-05-30T09:20:43","date_gmt":"2021-05-30T13:20:43","guid":{"rendered":"https:\/\/linitiative.ca\/International\/sebta-les-familles-des-migrants-ne-veulent-pas-le-retour-de-leurs-enfants\/"},"modified":"2021-05-30T09:20:43","modified_gmt":"2021-05-30T13:20:43","slug":"sebta-les-familles-des-migrants-ne-veulent-pas-le-retour-de-leurs-enfants","status":"publish","type":"post","link":"https:\/\/linitiative.ca\/International\/sebta-les-familles-des-migrants-ne-veulent-pas-le-retour-de-leurs-enfants\/","title":{"rendered":"Sebta: Les familles des migrants ne veulent pas le retour de leurs enfants"},"content":{"rendered":"<p class=\"rtejustify\">Les familles marocaines des migrants mineurs entr\u00e9s \u00e0 Sebta ne souhaitent pas le retour de leurs enfants, selon les autorit\u00e9s de la ville. 92% des familles contact\u00e9es ont affirm\u00e9 qu&rsquo;elles ne voudraient pas que leurs enfants reviennent, selon les autorit\u00e9s de la ville cit\u00e9es par les m\u00e9dias locaux. Au total, quelque\u00a0200 familles\u00a0 ont \u00e9t\u00e9 contact\u00e9es jusqu&rsquo;\u00e0 pr\u00e9sent. \u00ab\u00a0Elles\u00a0soutiennent qu&rsquo;elles ne peuvent pas prendre soin de leurs enfants et qu&rsquo;elles pr\u00e9f\u00e8rent que ces derniers restent\u00a0en Espagne pour chercher des opportunit\u00e9s\u00a0\u00bb, expliquent les autorit\u00e9s.<\/p>\n<p class=\"rtejustify\">Une ligne de t\u00e9l\u00e9phone a \u00e9t\u00e9 mis en place pour faciliter le contact avec les familles. Plus de 4.400 appels ont \u00e9t\u00e9 r\u00e9alis\u00e9s. Au total, la police nationale a d\u00e9j\u00e0 identifi\u00e9 920 mineurs marocains, dont 67 filles,\u00a0apr\u00e8s l&rsquo;entr\u00e9e massive \u00e0 Sebta les 17 et 18 mai dernier. Si certains ont \u00e9t\u00e9 accueillis et h\u00e9berg\u00e9s dans des structures d&rsquo;accueil, plusieurs dizaines continuent d&rsquo;errer dans la ville.<\/p>\n<p class=\"rtejustify\">\u00a0<\/p>\n<p>Auteur: hgueye<br \/>\n<a href=\"https:\/\/www.leconomiste.com\/flash-infos\/sebta-les-familles-des-migrants-ne-souhaitent-pas-le-retour-de-leurs-enfants\">Cliquez ici pour lire l&rsquo;article depuis sa source.<\/a><\/p>\n","protected":false},"excerpt":{"rendered":"<p>Les familles marocaines des migrants mineurs entr\u00e9s \u00e0 Sebta ne souhaitent pas le retour de leurs enfants, selon les autorit\u00e9s de la ville. 92% des familles contact\u00e9es ont affirm\u00e9 qu&rsquo;elles ne voudraient pas que leurs enfants reviennent, selon les autorit\u00e9s de la ville cit\u00e9es par les m\u00e9dias locaux. Au total, quelque\u00a0200 familles\u00a0 ont \u00e9t\u00e9 contact\u00e9es [&hellip;]<\/p>\n","protected":false},"author":1763,"featured_media":0,"comment_status":"closed","ping_status":"closed","sticky":false,"template":"","format":"standard","meta":{"fifu_image_url":"","fifu_image_alt":"","footnotes":""},"categories":[78,54],"tags":[],"class_list":["post-117643","post","type-post","status-publish","format-standard","hentry","category-economie","category-maroc"],"_links":{"self":[{"href":"https:\/\/linitiative.ca\/International\/wp-json\/wp\/v2\/posts\/117643","targetHints":{"allow":["GET"]}}],"collection":[{"href":"https:\/\/linitiative.ca\/International\/wp-json\/wp\/v2\/posts"}],"about":[{"href":"https:\/\/linitiative.ca\/International\/wp-json\/wp\/v2\/types\/post"}],"author":[{"embeddable":true,"href":"https:\/\/linitiative.ca\/International\/wp-json\/wp\/v2\/users\/1763"}],"replies":[{"embeddable":true,"href":"https:\/\/linitiative.ca\/International\/wp-json\/wp\/v2\/comments?post=117643"}],"version-history":[{"count":0,"href":"https:\/\/linitiative.ca\/International\/wp-json\/wp\/v2\/posts\/117643\/revisions"}],"wp:attachment":[{"href":"https:\/\/linitiative.ca\/International\/wp-json\/wp\/v2\/media?parent=117643"}],"wp:term":[{"taxonomy":"category","embeddable":true,"href":"https:\/\/linitiative.ca\/International\/wp-json\/wp\/v2\/categories?post=117643"},{"taxonomy":"post_tag","embeddable":true,"href":"https:\/\/linitiative.ca\/International\/wp-json\/wp\/v2\/tags?post=117643"}],"curies":[{"name":"wp","href":"https:\/\/api.w.org\/{rel}","templated":true}]}}