{"id":117645,"date":"2021-05-30T15:14:29","date_gmt":"2021-05-30T19:14:29","guid":{"rendered":"https:\/\/linitiative.ca\/International\/pros-boulaya-a-discute-avec-mahrez-et-se-sent-pret-a-relever-le-defi\/"},"modified":"2021-05-30T15:14:29","modified_gmt":"2021-05-30T19:14:29","slug":"pros-boulaya-a-discute-avec-mahrez-et-se-sent-pret-a-relever-le-defi","status":"publish","type":"post","link":"https:\/\/linitiative.ca\/International\/pros-boulaya-a-discute-avec-mahrez-et-se-sent-pret-a-relever-le-defi\/","title":{"rendered":"Pros : Boulaya a discut\u00e9 avec Mahrez et se sent pr\u00eat \u00e0 relever le d\u00e9fi"},"content":{"rendered":"<div readability=\"32\">\n<p>Auteur : <span class=\"time\">dimanche 30 mai 2021 13:14<\/span><\/p>\n<\/div>\n<div id=\"post_core\" readability=\"73\">\n<p>Farid Boulaya a sans conteste r\u00e9alis\u00e9 la meilleure saison de sa carri\u00e8re cette ann\u00e9e en Lorraine, meneur de jeu d&rsquo;un FC Metz qui s&rsquo;est un temps pris \u00e0 r\u00eaver d&rsquo;une qualification europ\u00e9enne. Une belle passe \u00e0 28 ans apr\u00e8s de beaux espoirs trop souvent d\u00e9\u00e7us ces derni\u00e8res saisons.<\/p>\n<p>\u00ab\u00a0Je savais que j&rsquo;\u00e9tais capable de le faire. Le savoir, c&rsquo;est bien ; le faire, c&rsquo;est mieux, sourit d&rsquo;ailleurs l&rsquo;int\u00e9ress\u00e9 dans une interview accord\u00e9e \u00e0 L&rsquo;Equipe. Avant de tenter d&rsquo;expliquer ce joli renouveau. J&rsquo;ai retrouv\u00e9 un poste qui me convenait mieux o\u00f9 je peux faire le jeu, cr\u00e9er.<\/p>\n<p>\u00ab\u00a0J&rsquo;ai pris pas mal d&rsquo;exp\u00e9rience. Le coach Antonetti m&rsquo;a donn\u00e9 beaucoup de confiance, aussi. On se voyait une fois par semaine ou tous les quinze jours dans son bureau pour pr\u00e9parer les matches.<\/p>\n<p>\u00ab\u00a0Il me disait que j&rsquo;\u00e9tais un bon joueur, que je devais me lib\u00e9rer. Il m&rsquo;a appris \u00e0 mieux me positionner. Tactiquement, j&rsquo;ai progress\u00e9 aussi. Le fait qu&rsquo;il prenne du temps pour moi donne forc\u00e9ment envie de lui rendre cette confiance. Et j&rsquo;aime avoir ces responsabilit\u00e9s.\u00a0\u00bb<\/p>\n<p>\u00ab\u00a0Soit je restais sur le long terme, et je partais vers une destination exotique vers 32 ans, soit je d\u00e9cidais de voir plus haut, justifie-t-il. \u00c0 24, 25 ans, j&rsquo;aurais sans doute eu un autre raisonnement mais, l\u00e0, il est temps pour moi d&rsquo;aller voir plus haut.<\/p>\n<p>\u00ab\u00a0Pourquoi ne pas aller \u00e0 l&rsquo;\u00e9tranger ? Ce serait bien d&rsquo;aller dans une \u00e9quipe qui joue l&rsquo;Europe. Mais \u00e7a d\u00e9pendra surtout du projet. (&#8230;)\u00a0Je veux sentir un projet de club o\u00f9 je progresse. Pourquoi ne pas vivre autre chose aussi ? Mon style de jeu correspond \u00e0 l&rsquo;Espagne. Ce serait bien de ne pas rester sur ce qui s&rsquo;est pass\u00e9 \u00e0 G\u00e9rone.<\/p>\n<p>\u00ab\u00a0L&rsquo;Angleterre, j&rsquo;en ai parl\u00e9 avec Riyad (Mahrez). Il m&rsquo;a dit que des joueurs avec nos physiques pouvaient s&rsquo;imposer. Je me sens pr\u00eat \u00e0 relever le d\u00e9fi.\u00a0\u00bb Des propos relay\u00e9s par Goal.<\/p>\n<p><strong>Publi\u00e9 dans :<\/strong> <span>Boulaya<\/span><\/p>\n<\/div>\n<p>Auteur:<br \/>\n<a href=\"http:\/\/www.lebuteur.com\/article\/detail?titre=boulaya-a-discute-avec-mahrez-et-se-sent-pret-a-relever-le-defi&#038;id=100224&#038;utm_source=feedburner&#038;utm_medium=feed&#038;utm_campaign=Feed%3A+GalerieFArtciles+%28Les+derniers+articles++-+lebuteur.com%29\">Cliquez ici pour lire l&rsquo;article depuis sa source.<\/a><\/p>\n","protected":false},"excerpt":{"rendered":"<p>Auteur : dimanche 30 mai 2021 13:14 Farid Boulaya a sans conteste r\u00e9alis\u00e9 la meilleure saison de sa carri\u00e8re cette ann\u00e9e en Lorraine, meneur de jeu d&rsquo;un FC Metz qui s&rsquo;est un temps pris \u00e0 r\u00eaver d&rsquo;une qualification europ\u00e9enne. Une belle passe \u00e0 28 ans apr\u00e8s de beaux espoirs trop souvent d\u00e9\u00e7us ces derni\u00e8res saisons. [&hellip;]<\/p>\n","protected":false},"author":1738,"featured_media":0,"comment_status":"closed","ping_status":"closed","sticky":false,"template":"","format":"standard","meta":{"fifu_image_url":"\/\/cdn.lebuteur.com\/data\/images\/article\/thumbs\/large-boulaya-a-discute-avec-mahrez-et-se-sent-pret-a-relever-le-defi-c30d9.jpg","fifu_image_alt":"Pros : Boulaya a discut\u00e9 avec Mahrez et se sent pr\u00eat \u00e0 relever le d\u00e9fi","footnotes":""},"categories":[53,75],"tags":[],"class_list":["post-117645","post","type-post","status-publish","format-standard","hentry","category-algerie","category-sport"],"_links":{"self":[{"href":"https:\/\/linitiative.ca\/International\/wp-json\/wp\/v2\/posts\/117645","targetHints":{"allow":["GET"]}}],"collection":[{"href":"https:\/\/linitiative.ca\/International\/wp-json\/wp\/v2\/posts"}],"about":[{"href":"https:\/\/linitiative.ca\/International\/wp-json\/wp\/v2\/types\/post"}],"author":[{"embeddable":true,"href":"https:\/\/linitiative.ca\/International\/wp-json\/wp\/v2\/users\/1738"}],"replies":[{"embeddable":true,"href":"https:\/\/linitiative.ca\/International\/wp-json\/wp\/v2\/comments?post=117645"}],"version-history":[{"count":0,"href":"https:\/\/linitiative.ca\/International\/wp-json\/wp\/v2\/posts\/117645\/revisions"}],"wp:attachment":[{"href":"https:\/\/linitiative.ca\/International\/wp-json\/wp\/v2\/media?parent=117645"}],"wp:term":[{"taxonomy":"category","embeddable":true,"href":"https:\/\/linitiative.ca\/International\/wp-json\/wp\/v2\/categories?post=117645"},{"taxonomy":"post_tag","embeddable":true,"href":"https:\/\/linitiative.ca\/International\/wp-json\/wp\/v2\/tags?post=117645"}],"curies":[{"name":"wp","href":"https:\/\/api.w.org\/{rel}","templated":true}]}}