{"id":117646,"date":"2021-05-30T15:14:30","date_gmt":"2021-05-30T19:14:30","guid":{"rendered":"https:\/\/linitiative.ca\/International\/international-juventus-allegri-ferait-le-forcing-pour-recuperer-pjanic\/"},"modified":"2021-05-30T15:14:30","modified_gmt":"2021-05-30T19:14:30","slug":"international-juventus-allegri-ferait-le-forcing-pour-recuperer-pjanic","status":"publish","type":"post","link":"https:\/\/linitiative.ca\/International\/international-juventus-allegri-ferait-le-forcing-pour-recuperer-pjanic\/","title":{"rendered":"International : Juventus : Allegri ferait le forcing pour r\u00e9cup\u00e9rer Pjanic"},"content":{"rendered":"<div readability=\"32\">\n<p>Auteur : <span class=\"time\">dimanche 30 mai 2021 14:00<\/span><\/p>\n<\/div>\n<div id=\"post_core\" readability=\"44\">\n<p>Le technicien italien avait quitt\u00e9 le Pi\u00e9mont en 2019, soit un an avant le d\u00e9part de Miralem Pjani\u0107. Le milieu de terrain bosnien a ralli\u00e9 le FC Barcelone depuis, mais sans grand succ\u00e8s.<\/p>\n<p>Aujourd\u2019hui, la\u00a0Gazzetta dello Sport et Footmercato affirment que le manager transalpin pourrait ramener son ancien ma\u00eetre \u00e0 jouer dans ses valises. Tr\u00e8s peu utilis\u00e9 par Ronald Koeman cette saison, le relayeur du Bar\u00e7a pourrait donc quitter le club catalan cet \u00e9t\u00e9 et la Vieille Dame semble une destination plausible. Les m\u00eames sources \u00e9voquent m\u00eame des \u00e9changes entre Allegri et Pjani\u0107. \u00c0 suivre dans les prochaines semaines\u2026<\/p>\n<p><strong>Publi\u00e9 dans :<\/strong> <span>Pjanic<\/span> <span>Juventus : Allegri<\/span><\/p>\n<\/div>\n<p>Auteur:<br \/>\n<a href=\"http:\/\/www.lebuteur.com\/article\/detail?titre=juventus-allegri-ferait-le-forcing-pour-recuperer-pjanic&#038;id=100225&#038;utm_source=feedburner&#038;utm_medium=feed&#038;utm_campaign=Feed%3A+GalerieFArtciles+%28Les+derniers+articles++-+lebuteur.com%29\">Cliquez ici pour lire l&rsquo;article depuis sa source.<\/a><\/p>\n","protected":false},"excerpt":{"rendered":"<p>Auteur : dimanche 30 mai 2021 14:00 Le technicien italien avait quitt\u00e9 le Pi\u00e9mont en 2019, soit un an avant le d\u00e9part de Miralem Pjani\u0107. Le milieu de terrain bosnien a ralli\u00e9 le FC Barcelone depuis, mais sans grand succ\u00e8s. Aujourd\u2019hui, la\u00a0Gazzetta dello Sport et Footmercato affirment que le manager transalpin pourrait ramener son ancien [&hellip;]<\/p>\n","protected":false},"author":1738,"featured_media":0,"comment_status":"closed","ping_status":"closed","sticky":false,"template":"","format":"standard","meta":{"fifu_image_url":"\/\/cdn.lebuteur.com\/data\/images\/article\/thumbs\/large-juventus-allegri-ferait-le-forcing-pour-recuperer-pjanic-50bac.jpg","fifu_image_alt":"International : Juventus : Allegri ferait le forcing pour r\u00e9cup\u00e9rer Pjanic","footnotes":""},"categories":[53,75],"tags":[],"class_list":["post-117646","post","type-post","status-publish","format-standard","hentry","category-algerie","category-sport"],"_links":{"self":[{"href":"https:\/\/linitiative.ca\/International\/wp-json\/wp\/v2\/posts\/117646","targetHints":{"allow":["GET"]}}],"collection":[{"href":"https:\/\/linitiative.ca\/International\/wp-json\/wp\/v2\/posts"}],"about":[{"href":"https:\/\/linitiative.ca\/International\/wp-json\/wp\/v2\/types\/post"}],"author":[{"embeddable":true,"href":"https:\/\/linitiative.ca\/International\/wp-json\/wp\/v2\/users\/1738"}],"replies":[{"embeddable":true,"href":"https:\/\/linitiative.ca\/International\/wp-json\/wp\/v2\/comments?post=117646"}],"version-history":[{"count":0,"href":"https:\/\/linitiative.ca\/International\/wp-json\/wp\/v2\/posts\/117646\/revisions"}],"wp:attachment":[{"href":"https:\/\/linitiative.ca\/International\/wp-json\/wp\/v2\/media?parent=117646"}],"wp:term":[{"taxonomy":"category","embeddable":true,"href":"https:\/\/linitiative.ca\/International\/wp-json\/wp\/v2\/categories?post=117646"},{"taxonomy":"post_tag","embeddable":true,"href":"https:\/\/linitiative.ca\/International\/wp-json\/wp\/v2\/tags?post=117646"}],"curies":[{"name":"wp","href":"https:\/\/api.w.org\/{rel}","templated":true}]}}