{"id":117647,"date":"2021-05-30T15:14:32","date_gmt":"2021-05-30T19:14:32","guid":{"rendered":"https:\/\/linitiative.ca\/International\/international-chelse-thiago-silva-a-fait-un-choix-pour-son-avenir\/"},"modified":"2021-05-30T15:14:32","modified_gmt":"2021-05-30T19:14:32","slug":"international-chelse-thiago-silva-a-fait-un-choix-pour-son-avenir","status":"publish","type":"post","link":"https:\/\/linitiative.ca\/International\/international-chelse-thiago-silva-a-fait-un-choix-pour-son-avenir\/","title":{"rendered":"International : Chelse : Thiago Silva a fait un choix pour son avenir"},"content":{"rendered":"<div readability=\"32\">\n<p>Auteur : <span class=\"time\">dimanche 30 mai 2021 15:00<\/span><\/p>\n<\/div>\n<div id=\"post_core\" readability=\"41\">\n<p>L\u2019ex-capitaine du Paris Saint-Germain, dont le contrat prendra fin dans moins d\u2019un mois,\u00a0devrait rapidement prolonger son contrat avec le club londonien. Selon Football365, le d\u00e9fenseur central br\u00e9silien devrait s\u2019engager pour une saison suppl\u00e9mentaire, soit jusqu\u2019en juin 2022.\u00a0Il ne resterait que quelques petits d\u00e9tails \u00e0 r\u00e9gler avant d\u2019annoncer l\u2019officialisation dans les prochains jours.\u00a0<\/p>\n<p><strong>Publi\u00e9 dans :<\/strong> <span>chelsea<\/span> <span>Thiago Silva<\/span><\/p>\n<\/div>\n<p>Auteur:<br \/>\n<a href=\"http:\/\/www.lebuteur.com\/article\/detail?titre=chelse-thiago-silva-a-fait-un-choix-pour-son-avenir&#038;id=100226&#038;utm_source=feedburner&#038;utm_medium=feed&#038;utm_campaign=Feed%3A+GalerieFArtciles+%28Les+derniers+articles++-+lebuteur.com%29\">Cliquez ici pour lire l&rsquo;article depuis sa source.<\/a><\/p>\n","protected":false},"excerpt":{"rendered":"<p>Auteur : dimanche 30 mai 2021 15:00 L\u2019ex-capitaine du Paris Saint-Germain, dont le contrat prendra fin dans moins d\u2019un mois,\u00a0devrait rapidement prolonger son contrat avec le club londonien. Selon Football365, le d\u00e9fenseur central br\u00e9silien devrait s\u2019engager pour une saison suppl\u00e9mentaire, soit jusqu\u2019en juin 2022.\u00a0Il ne resterait que quelques petits d\u00e9tails \u00e0 r\u00e9gler avant d\u2019annoncer l\u2019officialisation [&hellip;]<\/p>\n","protected":false},"author":1738,"featured_media":0,"comment_status":"closed","ping_status":"closed","sticky":false,"template":"","format":"standard","meta":{"fifu_image_url":"\/\/cdn.lebuteur.com\/data\/images\/article\/thumbs\/large-100226chelse-thiago-silva-a-fait-un-choix-pour-son-avenir-72c76.jpg","fifu_image_alt":"International : Chelse : Thiago Silva a fait un choix pour son avenir","footnotes":""},"categories":[53,75],"tags":[],"class_list":["post-117647","post","type-post","status-publish","format-standard","hentry","category-algerie","category-sport"],"_links":{"self":[{"href":"https:\/\/linitiative.ca\/International\/wp-json\/wp\/v2\/posts\/117647","targetHints":{"allow":["GET"]}}],"collection":[{"href":"https:\/\/linitiative.ca\/International\/wp-json\/wp\/v2\/posts"}],"about":[{"href":"https:\/\/linitiative.ca\/International\/wp-json\/wp\/v2\/types\/post"}],"author":[{"embeddable":true,"href":"https:\/\/linitiative.ca\/International\/wp-json\/wp\/v2\/users\/1738"}],"replies":[{"embeddable":true,"href":"https:\/\/linitiative.ca\/International\/wp-json\/wp\/v2\/comments?post=117647"}],"version-history":[{"count":0,"href":"https:\/\/linitiative.ca\/International\/wp-json\/wp\/v2\/posts\/117647\/revisions"}],"wp:attachment":[{"href":"https:\/\/linitiative.ca\/International\/wp-json\/wp\/v2\/media?parent=117647"}],"wp:term":[{"taxonomy":"category","embeddable":true,"href":"https:\/\/linitiative.ca\/International\/wp-json\/wp\/v2\/categories?post=117647"},{"taxonomy":"post_tag","embeddable":true,"href":"https:\/\/linitiative.ca\/International\/wp-json\/wp\/v2\/tags?post=117647"}],"curies":[{"name":"wp","href":"https:\/\/api.w.org\/{rel}","templated":true}]}}