{"id":117649,"date":"2021-05-30T15:14:35","date_gmt":"2021-05-30T19:14:35","guid":{"rendered":"https:\/\/linitiative.ca\/International\/international-equipe-de-france-deschamps-karim-benzema-envoie-des-messages-forts\/"},"modified":"2021-05-30T15:14:35","modified_gmt":"2021-05-30T19:14:35","slug":"international-equipe-de-france-deschamps-karim-benzema-envoie-des-messages-forts","status":"publish","type":"post","link":"https:\/\/linitiative.ca\/International\/international-equipe-de-france-deschamps-karim-benzema-envoie-des-messages-forts\/","title":{"rendered":"International : Equipe de France, Deschamps\u2026 Karim Benzema envoie des messages forts !"},"content":{"rendered":"<div readability=\"32\">\n<p>Auteur : <span class=\"time\">dimanche 30 mai 2021 17:19<\/span><\/p>\n<\/div>\n<div id=\"post_core\" readability=\"100\">\n<p>Cinq ans plus tard, Karim Benzema effectue enfin son grand retour en Equipe de France ! Mis de c\u00f4t\u00e9 par Didier Deschamps pendant des ann\u00e9es, chose qui suscitait de nombreux d\u00e9bats parmi les observateurs, l\u2019attaquant du Real Madrid est pr\u00e9sent dans la liste des 26 joueurs tricolores pour l\u2019Euro. Cette nouvelle a eu de quoi ravir de nombreux supporters de la s\u00e9lection fran\u00e7aise, eux qui sont impatients de voir les qualit\u00e9s de Karim Benzema \u00eatre associ\u00e9es \u00e0 celles de Kylian Mbapp\u00e9 et d\u2019Antoine Griezmann sur le front de l\u2019attaque fran\u00e7aise.<\/p>\n<p>\u00abSuper content d&rsquo;\u00eatre l\u00e0\u00bb<\/p>\n<p>Et de son c\u00f4t\u00e9, Karim Benzema ne boude pas non plus son plaisir. En effet, pr\u00e9sent en conf\u00e9rence de presse ce dimanche, celui qui portera le num\u00e9ro 19 avec les Bleus a affich\u00e9 toute sa joie de faire \u00e0 nouveau partie de l\u2019Equipe de France. \u00ab Stress\u00e9, non ! Super content d&rsquo;\u00eatre l\u00e0, de revenir en \u00e9quipe de France, \u00e7a se passe bien. l&rsquo;adaptation est parfaite, il y a du beau jeu sur le terrain, comme j&rsquo;aime. j&rsquo;ai fait connaissance des autres joueurs, j&rsquo;esp\u00e8re que \u00e7a va continuer. Je suis press\u00e9 de commencer un match. (&#8230;) On sent un groupe pos\u00e9, c&rsquo;est quand m\u00eame un groupe qui a \u00e9t\u00e9 champion du monde, on sent que ce sont des gagnants. je viens de d\u00e9buter les entra\u00eenements, le niveau est tr\u00e8s, tr\u00e8s haut. Je m&rsquo;entends bien avec tout le monde. Au d\u00e9but, j&rsquo;\u00e9tais un peu plus avec Varane mais je connaissais pas mal de joueurs, \u00e7a se passe tr\u00e8s bien \u00bb, a confi\u00e9 le buteur de 33 ans.<\/p>\n<p>\u00abJe n&rsquo;ai jamais arr\u00eat\u00e9 d&rsquo;y croire\u00bb<\/p>\n<p>Karim Benzema ne s\u2019est pas arr\u00eat\u00e9 en si bon chemin, et a ensuite tenu \u00e0 mettre les choses au clair au sujet des cinq ann\u00e9es o\u00f9 il fut banni de la s\u00e9lection tricolore, entre temps sacr\u00e9 championne du monde en Russie en juillet 2018. \u00ab Quand on n&rsquo;est pas en s\u00e9lection, on est d\u00e9\u00e7u. Ce qui m&rsquo;a le plus d\u00e9\u00e7u, c&rsquo;est de ne pas avoir fait partie de l&rsquo;Euro, de ne pas avoir particip\u00e9 \u00e0 la Coupe du monde. Je me suis remis en question. (\u2026) J&rsquo;ai envie de dire que ce qu&rsquo;il s&rsquo;est pass\u00e9 est pass\u00e9. Il y a toujours des regrets, mais on ne peut pas faire marche arri\u00e8re. Ce qui m&rsquo;importe le plus, c&rsquo;est ce qu&rsquo;on fait sur le terrain de foot, je suis concentr\u00e9 au max sur ce que je peux apporter \u00e0 cette \u00e9quipe. C&rsquo;est ce que j&rsquo;ai dans ma t\u00eate comme ambition. (\u2026) Je n&rsquo;ai jamais arr\u00eat\u00e9 d&rsquo;y croire, je n&rsquo;ai jamais baiss\u00e9 les bras, sinon je ne serais pas ici. J&rsquo;ai \u00e9t\u00e9 tr\u00e8s d\u00e9\u00e7u, c&rsquo;\u00e9tait dur moralement. Il y a eu beaucoup d&rsquo;obstacles, \u00e7a fait partie de ma carri\u00e8re, je me suis toujours battu, et c&rsquo;est ce qu&rsquo;il faut pour esp\u00e9rer revenir. Je suis r\u00e9compens\u00e9. Si j\u2019en ai voulu \u00e0 la France et aux Fran\u00e7ais ? Si on n&rsquo;est pas pris, il faut s&rsquo;en prendre qu&rsquo;\u00e0 soi-m\u00eame, regarder ce qu&rsquo;on doit faire, ce que je dois changer pour revenir \u00bb, a-t-il ajout\u00e9 dans des propos rapport\u00e9s par RMC Sport.<\/p>\n<p>\u00abMerci Didier\u00bb<\/p>\n<p>Bref, tout est bien qui fini bien entre l\u2019Equipe de France et Karim Benzema. Mais qu\u2019en est-il de sa relation avec Didier Deschamps ? Comme le second cit\u00e9, l\u2019ancien joueur de l\u2019OL a refus\u00e9 de s\u2019\u00e9pancher sur la question, mais il a tout de m\u00eame tenu \u00e0 le remercier pour sa confiance. \u00ab S\u00e9lectionneur-joueur, on s&rsquo;entend super bien. Repartir il y a cinq ans ? J&rsquo;ai pas envie de revenir dans le pass\u00e9, je suis dans le pr\u00e9sent. Il a fait gagner l&rsquo;\u00e9quipe de France. (\u2026) Je pense que je lui ai d\u00e9j\u00e0 dit. Vous voulez que je le dise ici ? Merci Didier (\u00e9clats de rire dans la salle de presse). Mais on a d\u00e9j\u00e0 eu une discussion, \u00e7a a \u00e9t\u00e9 dit. Je suis super content d&rsquo;\u00eatre ici et si je peux ajouter un truc : bonne f\u00eate maman, je t\u2019aime \u00bb, a lanc\u00e9 Karim Benzema pour conclure sa conf\u00e9rence de presse et comme rapport\u00e9 par Le 10 Sport.<\/p>\n<p><strong>Publi\u00e9 dans :<\/strong> <span>benzema<\/span><\/p>\n<\/div>\n<p>Auteur:<br \/>\n<a href=\"http:\/\/www.lebuteur.com\/article\/detail?titre=equipe-de-france-deschamps%E2%80%A6-karim-benzema-envoie-des-messages-forts&#038;id=100228&#038;utm_source=feedburner&#038;utm_medium=feed&#038;utm_campaign=Feed%3A+GalerieFArtciles+%28Les+derniers+articles++-+lebuteur.com%29\">Cliquez ici pour lire l&rsquo;article depuis sa source.<\/a><\/p>\n","protected":false},"excerpt":{"rendered":"<p>Auteur : dimanche 30 mai 2021 17:19 Cinq ans plus tard, Karim Benzema effectue enfin son grand retour en Equipe de France ! Mis de c\u00f4t\u00e9 par Didier Deschamps pendant des ann\u00e9es, chose qui suscitait de nombreux d\u00e9bats parmi les observateurs, l\u2019attaquant du Real Madrid est pr\u00e9sent dans la liste des 26 joueurs tricolores pour [&hellip;]<\/p>\n","protected":false},"author":1738,"featured_media":0,"comment_status":"closed","ping_status":"closed","sticky":false,"template":"","format":"standard","meta":{"fifu_image_url":"\/\/cdn.lebuteur.com\/data\/images\/article\/thumbs\/large-equipe-de-france-deschamps\u2026-karim-benzema-envoie-des-messages-forts-f06a9.jpg","fifu_image_alt":"International : Equipe de France, Deschamps\u2026 Karim Benzema envoie des messages forts !","footnotes":""},"categories":[53,75],"tags":[],"class_list":["post-117649","post","type-post","status-publish","format-standard","hentry","category-algerie","category-sport"],"_links":{"self":[{"href":"https:\/\/linitiative.ca\/International\/wp-json\/wp\/v2\/posts\/117649","targetHints":{"allow":["GET"]}}],"collection":[{"href":"https:\/\/linitiative.ca\/International\/wp-json\/wp\/v2\/posts"}],"about":[{"href":"https:\/\/linitiative.ca\/International\/wp-json\/wp\/v2\/types\/post"}],"author":[{"embeddable":true,"href":"https:\/\/linitiative.ca\/International\/wp-json\/wp\/v2\/users\/1738"}],"replies":[{"embeddable":true,"href":"https:\/\/linitiative.ca\/International\/wp-json\/wp\/v2\/comments?post=117649"}],"version-history":[{"count":0,"href":"https:\/\/linitiative.ca\/International\/wp-json\/wp\/v2\/posts\/117649\/revisions"}],"wp:attachment":[{"href":"https:\/\/linitiative.ca\/International\/wp-json\/wp\/v2\/media?parent=117649"}],"wp:term":[{"taxonomy":"category","embeddable":true,"href":"https:\/\/linitiative.ca\/International\/wp-json\/wp\/v2\/categories?post=117649"},{"taxonomy":"post_tag","embeddable":true,"href":"https:\/\/linitiative.ca\/International\/wp-json\/wp\/v2\/tags?post=117649"}],"curies":[{"name":"wp","href":"https:\/\/api.w.org\/{rel}","templated":true}]}}