{"id":117650,"date":"2021-05-30T14:04:20","date_gmt":"2021-05-30T18:04:20","guid":{"rendered":"https:\/\/linitiative.ca\/International\/reouverture-des-frontieres-les-etudiants-et-les-personnes-agees-au-faible-revenu-dispenses-des-frais-de-confinement\/"},"modified":"2021-05-30T14:04:20","modified_gmt":"2021-05-30T18:04:20","slug":"reouverture-des-frontieres-les-etudiants-et-les-personnes-agees-au-faible-revenu-dispenses-des-frais-de-confinement","status":"publish","type":"post","link":"https:\/\/linitiative.ca\/International\/reouverture-des-frontieres-les-etudiants-et-les-personnes-agees-au-faible-revenu-dispenses-des-frais-de-confinement\/","title":{"rendered":"R\u00e9ouverture des fronti\u00e8res : Les \u00e9tudiants et les personnes \u00e2g\u00e9es au faible revenu dispens\u00e9s des frais de confinement"},"content":{"rendered":"<h4 class=\"title-14\"\/>\n<p>Les \u00e9tudiants et les personnes \u00e2g\u00e9es au faible revenu, de retour au pays, sont dispens\u00e9s des frais de confinement (h\u00e9bergement ) qui s\u2019\u00e9l\u00e8vent \u00e0 41000 dinars. C\u2019est ce qu\u2019a indiqu\u00e9, aujourd\u2019hui dimanche 30 mai, un communiqu\u00e9 de la Pr\u00e9sidence de la r\u00e9publique, qui a pr\u00e9cis\u00e9 que la d\u00e9cision a \u00e9t\u00e9 prise par le Pr\u00e9sident de la r\u00e9publique, Abdelmadjid Tebboune. La m\u00eame source ajoute que les autres cat\u00e9gories b\u00e9n\u00e9ficieront d\u2019une r\u00e9duction de 20% de ces frais. Il est \u00e0 rappeler que la compagnie a\u00e9rienne Air Alg\u00e9rie avait rendu public hier un communiqu\u00e9 contenant le programme des vols et les prix des billets. La r\u00e9ouverture des fronti\u00e8res est pr\u00e9vue le 1er juin.<\/p>\n<p><span class=\"post-views-label\">Post Views:<\/span> <span class=\"post-views-count\">512<\/span><\/p>\n<p><br class=\"c2\"\/><\/p>\n<div class=\"ichhar-moneytagnative c4\" id=\"ichhar-2105868973\">\n<p>Advertisements<\/p>\n<\/div>\n<p><br class=\"c2\"\/><br \/>\n<br class=\"c5\"\/><br \/>\nAuteur: Abdelghani Aichoun<br \/>\n<a href=\"https:\/\/www.elwatan.com\/edition\/actualite\/reouverture-des-frontieres-les-etudiants-et-les-personnes-agees-au-faible-revenu-dispenses-des-frais-de-confinement-30-05-2021\">Cliquez ici pour lire l&rsquo;article depuis sa source.<\/a><\/p>\n","protected":false},"excerpt":{"rendered":"<p>Les \u00e9tudiants et les personnes \u00e2g\u00e9es au faible revenu, de retour au pays, sont dispens\u00e9s des frais de confinement (h\u00e9bergement ) qui s\u2019\u00e9l\u00e8vent \u00e0 41000 dinars. C\u2019est ce qu\u2019a indiqu\u00e9, aujourd\u2019hui dimanche 30 mai, un communiqu\u00e9 de la Pr\u00e9sidence de la r\u00e9publique, qui a pr\u00e9cis\u00e9 que la d\u00e9cision a \u00e9t\u00e9 prise par le Pr\u00e9sident de [&hellip;]<\/p>\n","protected":false},"author":1743,"featured_media":0,"comment_status":"closed","ping_status":"closed","sticky":false,"template":"","format":"standard","meta":{"fifu_image_url":"","fifu_image_alt":"","footnotes":""},"categories":[73,53],"tags":[],"class_list":["post-117650","post","type-post","status-publish","format-standard","hentry","category-actualite","category-algerie"],"_links":{"self":[{"href":"https:\/\/linitiative.ca\/International\/wp-json\/wp\/v2\/posts\/117650","targetHints":{"allow":["GET"]}}],"collection":[{"href":"https:\/\/linitiative.ca\/International\/wp-json\/wp\/v2\/posts"}],"about":[{"href":"https:\/\/linitiative.ca\/International\/wp-json\/wp\/v2\/types\/post"}],"author":[{"embeddable":true,"href":"https:\/\/linitiative.ca\/International\/wp-json\/wp\/v2\/users\/1743"}],"replies":[{"embeddable":true,"href":"https:\/\/linitiative.ca\/International\/wp-json\/wp\/v2\/comments?post=117650"}],"version-history":[{"count":0,"href":"https:\/\/linitiative.ca\/International\/wp-json\/wp\/v2\/posts\/117650\/revisions"}],"wp:attachment":[{"href":"https:\/\/linitiative.ca\/International\/wp-json\/wp\/v2\/media?parent=117650"}],"wp:term":[{"taxonomy":"category","embeddable":true,"href":"https:\/\/linitiative.ca\/International\/wp-json\/wp\/v2\/categories?post=117650"},{"taxonomy":"post_tag","embeddable":true,"href":"https:\/\/linitiative.ca\/International\/wp-json\/wp\/v2\/tags?post=117650"}],"curies":[{"name":"wp","href":"https:\/\/api.w.org\/{rel}","templated":true}]}}