{"id":117652,"date":"2021-05-30T06:00:00","date_gmt":"2021-05-30T10:00:00","guid":{"rendered":"https:\/\/linitiative.ca\/International\/entre-rejet-et-condamnations\/"},"modified":"2021-05-30T06:00:00","modified_gmt":"2021-05-30T10:00:00","slug":"entre-rejet-et-condamnations","status":"publish","type":"post","link":"https:\/\/linitiative.ca\/International\/entre-rejet-et-condamnations\/","title":{"rendered":"Entre rejet et condamnations"},"content":{"rendered":"<p class=\"c3\">Dans un courrier en date du mardi 25 mai et sign\u00e9 par 600 employ\u00e9s d&rsquo;Amazon, Jeff Bezos, le patron du g\u00e9ant du commerce en ligne, et l&rsquo;\u00e9quipe de direction ont \u00e9t\u00e9 appel\u00e9s \u00e0 mettre un terme aux relations \u00e9conomiques de la firme am\u00e9ricaine avec l\u2019\u00c9tat d\u2019Isra\u00ebl.\u00a0<br \/>L&rsquo;initiative est intervenue un jour apr\u00e8s qu&rsquo;Amazon Web Services (AWS), sous-division du groupe am\u00e9ricain sp\u00e9cialis\u00e9 dans l\u2019h\u00e9bergement dans le cloud, a sign\u00e9 avec Google un contrat de 1,2 milliard de dollars pour fournir des services de cloud au secteur public isra\u00e9lien, ainsi qu&rsquo;au secteur militaire pour les prochaines ann\u00e9es dans le cadre d&rsquo;un projet appel\u00e9 Nimbus.<br \/>L&rsquo;accord a \u00e9t\u00e9 vivement contest\u00e9 par des centaines d\u2019employ\u00e9s d&rsquo;Amazon, qui ont appos\u00e9 leur signature \u00e0 une missive interne relev\u00e9e par Middle East Eye.\u00a0 Dans le document, les signataires exhortent leurs dirigeants \u00e0 \u00abrompre les contrats commerciaux\u00bb pass\u00e9s avec Isra\u00ebl, et \u00e0 mettre un coup d\u2019arr\u00eat aux dons et aux contrats sign\u00e9s avec \u00abdes compagnies, des soci\u00e9t\u00e9s et des gouvernements qui sont complices ou participent \u00e0 la violation des droits\u00bb, citant notamment l&rsquo;arm\u00e9e isra\u00e9lienne.<br \/>\u00abNous demandons aux dirigeants d\u2019Amazon de reconna\u00eetre la violation continue des droits fondamentaux des Palestiniens sous occupation ill\u00e9gale, comme en t\u00e9moignent les Nations Unies et les organisations de d\u00e9fense des droits de l&rsquo;Homme et ce, sans utiliser un langage qui implique une sym\u00e9trie de pouvoir ou une \u00e9quivalence de situation qui minimise et d\u00e9nature les violences inflig\u00e9es aux Palestiniens depuis plusieurs d\u00e9cennies\u00bb, signifie-t-on dans le courrier.<br \/>R. I.<\/p>\n<p>Auteur:<br \/>\n<a href=\"https:\/\/www.lesoirdalgerie.com\/monde\/entre-rejet-et-condamnations-61956\">Cliquez ici pour lire l&rsquo;article depuis sa source.<\/a><\/p>\n","protected":false},"excerpt":{"rendered":"<p>Dans un courrier en date du mardi 25 mai et sign\u00e9 par 600 employ\u00e9s d&rsquo;Amazon, Jeff Bezos, le patron du g\u00e9ant du commerce en ligne, et l&rsquo;\u00e9quipe de direction ont \u00e9t\u00e9 appel\u00e9s \u00e0 mettre un terme aux relations \u00e9conomiques de la firme am\u00e9ricaine avec l\u2019\u00c9tat d\u2019Isra\u00ebl.\u00a0L&rsquo;initiative est intervenue un jour apr\u00e8s qu&rsquo;Amazon Web Services (AWS), [&hellip;]<\/p>\n","protected":false},"author":1741,"featured_media":0,"comment_status":"closed","ping_status":"closed","sticky":false,"template":"","format":"standard","meta":{"fifu_image_url":"","fifu_image_alt":"","footnotes":""},"categories":[73,53],"tags":[],"class_list":["post-117652","post","type-post","status-publish","format-standard","hentry","category-actualite","category-algerie"],"_links":{"self":[{"href":"https:\/\/linitiative.ca\/International\/wp-json\/wp\/v2\/posts\/117652","targetHints":{"allow":["GET"]}}],"collection":[{"href":"https:\/\/linitiative.ca\/International\/wp-json\/wp\/v2\/posts"}],"about":[{"href":"https:\/\/linitiative.ca\/International\/wp-json\/wp\/v2\/types\/post"}],"author":[{"embeddable":true,"href":"https:\/\/linitiative.ca\/International\/wp-json\/wp\/v2\/users\/1741"}],"replies":[{"embeddable":true,"href":"https:\/\/linitiative.ca\/International\/wp-json\/wp\/v2\/comments?post=117652"}],"version-history":[{"count":0,"href":"https:\/\/linitiative.ca\/International\/wp-json\/wp\/v2\/posts\/117652\/revisions"}],"wp:attachment":[{"href":"https:\/\/linitiative.ca\/International\/wp-json\/wp\/v2\/media?parent=117652"}],"wp:term":[{"taxonomy":"category","embeddable":true,"href":"https:\/\/linitiative.ca\/International\/wp-json\/wp\/v2\/categories?post=117652"},{"taxonomy":"post_tag","embeddable":true,"href":"https:\/\/linitiative.ca\/International\/wp-json\/wp\/v2\/tags?post=117652"}],"curies":[{"name":"wp","href":"https:\/\/api.w.org\/{rel}","templated":true}]}}