{"id":117653,"date":"2021-05-30T06:00:00","date_gmt":"2021-05-30T10:00:00","guid":{"rendered":"https:\/\/linitiative.ca\/International\/un-juriste-mauritanien-denonce-le-chantage-marocain\/"},"modified":"2021-05-30T06:00:00","modified_gmt":"2021-05-30T10:00:00","slug":"un-juriste-mauritanien-denonce-le-chantage-marocain","status":"publish","type":"post","link":"https:\/\/linitiative.ca\/International\/un-juriste-mauritanien-denonce-le-chantage-marocain\/","title":{"rendered":"Un juriste mauritanien d\u00e9nonce le chantage marocain"},"content":{"rendered":"<p class=\"c3\">\u00abLa Mauritanie n\u2019a pas \u00e0 se justifier pour les choix qu\u2019elle fait dans ses relations avec les autres, y compris avec les Sahraouis\u00bb, a indiqu\u00e9 le juriste mauritanien Takioullah Eidda, en r\u00e9ponse \u00e0 la d\u00e9claration faite, derni\u00e8rement, par le Premier ministre marocain, et selon lequel la neutralit\u00e9 dans le conflit du Sahara occidental n\u2019\u00e9tait plus acceptable.<br \/>\u00abLa Mauritanie comme maillon faible de la r\u00e9gion, appartient au pass\u00e9, un pass\u00e9 caract\u00e9ris\u00e9, il est vrai, par beaucoup d\u2019erreurs de jugement et de choix de ses dirigeants (&#8230;) J\u2019ajouterai que cette Mauritanie faible appartient \u00e0 ce pass\u00e9 compos\u00e9 d\u2019un ensemble de strat\u00e9gies et de mauvais calculs concoct\u00e9s par le Maroc et uniquement par lui et ce, depuis l\u2019ind\u00e9pendance\u00bb, a indiqu\u00e9 le juriste dans une tribune publi\u00e9e sur le site mauritanien \u00abAqlame\u00bb. \u00abEn tout cas, en ce qui concerne la Mauritanie, je suis enti\u00e8rement d\u2019accord avec l&rsquo;affirmation (du Premier ministre marocain), laquelle en dit long sur l\u2019aveuglement et l\u2019arrogance diplomatique, \u00f4 combien insolents, du Maroc\u00bb, assure l&rsquo;avocat. \u00abSi le Maroc en veut \u00e0 la Mauritanie pour ses relations avec les Sahraouis, eh bien il doit int\u00e9grer, une bonne fois pour toute, que Mauritaniens et Sahraouis sont des parents\u00bb, soutient-il. \u00abEn 1989, le Maroc a d\u00e9clar\u00e9, devant la communaut\u00e9 internationale, qu\u2019il est le \u2018\u2019FRERE\u2019\u2019 du S\u00e9n\u00e9gal et \u2018\u2019l\u2019AMI\u2019\u2019 de la Mauritanie ! Soit ! Alors, pourquoi la Mauritanie ne peut-elle pas dire aujourd\u2019hui, avec fiert\u00e9, que les Sahraouis font partie d\u2019elle-m\u00eame et qu\u2019il est de son devoir de les soutenir dans l\u2019affirmation de leur droit de choisir leur destin ?\u00bb, s&rsquo;interroge l&rsquo;auteur de l&rsquo;article. \u00abLa Mauritanie ne peut plus v\u00e9g\u00e9ter dans cette neutralit\u00e9 st\u00e9rile et contreproductive, alors que le conflit alt\u00e8re s\u00e9rieusement ses horizons et compromet dangereusement son d\u00e9veloppement \u00e9conomique et social\u00bb, affirme Takioullah Eidda. Il estime que la neutralit\u00e9 par rapport \u00e0 la question du Sahara occidental \u00aba d\u00e9montr\u00e9 son hypocrisie, sa fausset\u00e9, son inefficacit\u00e9, ses limites\u00bb et a \u00e9t\u00e9 \u00aben fin de compte d\u00e9pass\u00e9e par la r\u00e9alit\u00e9 g\u00e9opolitique de la sous-r\u00e9gion, dans laquelle la Mauritanie jouit aujourd\u2019hui d\u2019un nouveau statut par opposition au statut de \u2018\u2019maillon faible\u2019\u2019 qu&rsquo;elle\u00a0 \u00e9tait\u00bb.<br \/>Selon lui, se d\u00e9faire de ce statut passe par l&rsquo;adoption d&rsquo;une diplomatie plus active \u00e0 m\u00eame de faire sortir la Mauritanie de \u00abcette neutralit\u00e9 devenue caduque et paralysante\u00bb. \u00abOui, il faut rompre d\u00e9finitivement avec ce statu quo diplomatique, lequel est manifestement entrav\u00e9 par le Maroc et ses chantages r\u00e9p\u00e9t\u00e9s, dont l\u2019objectif avou\u00e9 est de museler les initiatives de la Mauritanie\u00bb, a-t-il recommand\u00e9.<\/p>\n<p><strong>Nouvelles offensives contre<br \/>les forces d&rsquo;occupation marocaine\u00a0<\/strong><br \/>Des unit\u00e9s de l&rsquo;Arm\u00e9e populaire de lib\u00e9ration sahraouie (APLS) ont men\u00e9 de nouvelles attaques contre les retranchements de l&rsquo;arm\u00e9e d&rsquo;occupation marocaine le long du mur de la honte, a indiqu\u00e9, vendredi, un communiqu\u00e9 du minist\u00e8re sahraoui de la D\u00e9fense.\u00a0 Selon le communiqu\u00e9 militaire N\u00b0198 rapport\u00e9 par l&rsquo;Agence de presse sahraouie (SPS), \u00abdes d\u00e9tachements avanc\u00e9s de l&rsquo;APLS ont bombard\u00e9, jeudi, des retranchements de l&rsquo;arm\u00e9e d&rsquo;occupation dans la r\u00e9gion de \u2018\u2019Djebilet El Khodr\u2019\u2019 (secteur de Guelta), pr\u00e9cise la m\u00eame source.\u00a0 Vendredi dernier, \u00abl&rsquo;arm\u00e9e sahraouie a \u00e9galement men\u00e9 des bombardements contre les positions marocaines dans la r\u00e9gion d&rsquo;Akouira Ould Ablal (secteur de Mahbes)\u00bb.<br \/>APS<\/p>\n<p>Auteur:<br \/>\n<a href=\"https:\/\/www.lesoirdalgerie.com\/monde\/un-juriste-mauritanien-denonce-le-chantage-marocain-61955\">Cliquez ici pour lire l&rsquo;article depuis sa source.<\/a><\/p>\n","protected":false},"excerpt":{"rendered":"<p>\u00abLa Mauritanie n\u2019a pas \u00e0 se justifier pour les choix qu\u2019elle fait dans ses relations avec les autres, y compris avec les Sahraouis\u00bb, a indiqu\u00e9 le juriste mauritanien Takioullah Eidda, en r\u00e9ponse \u00e0 la d\u00e9claration faite, derni\u00e8rement, par le Premier ministre marocain, et selon lequel la neutralit\u00e9 dans le conflit du Sahara occidental n\u2019\u00e9tait plus [&hellip;]<\/p>\n","protected":false},"author":1741,"featured_media":0,"comment_status":"closed","ping_status":"closed","sticky":false,"template":"","format":"standard","meta":{"fifu_image_url":"","fifu_image_alt":"","footnotes":""},"categories":[73,53],"tags":[],"class_list":["post-117653","post","type-post","status-publish","format-standard","hentry","category-actualite","category-algerie"],"_links":{"self":[{"href":"https:\/\/linitiative.ca\/International\/wp-json\/wp\/v2\/posts\/117653","targetHints":{"allow":["GET"]}}],"collection":[{"href":"https:\/\/linitiative.ca\/International\/wp-json\/wp\/v2\/posts"}],"about":[{"href":"https:\/\/linitiative.ca\/International\/wp-json\/wp\/v2\/types\/post"}],"author":[{"embeddable":true,"href":"https:\/\/linitiative.ca\/International\/wp-json\/wp\/v2\/users\/1741"}],"replies":[{"embeddable":true,"href":"https:\/\/linitiative.ca\/International\/wp-json\/wp\/v2\/comments?post=117653"}],"version-history":[{"count":0,"href":"https:\/\/linitiative.ca\/International\/wp-json\/wp\/v2\/posts\/117653\/revisions"}],"wp:attachment":[{"href":"https:\/\/linitiative.ca\/International\/wp-json\/wp\/v2\/media?parent=117653"}],"wp:term":[{"taxonomy":"category","embeddable":true,"href":"https:\/\/linitiative.ca\/International\/wp-json\/wp\/v2\/categories?post=117653"},{"taxonomy":"post_tag","embeddable":true,"href":"https:\/\/linitiative.ca\/International\/wp-json\/wp\/v2\/tags?post=117653"}],"curies":[{"name":"wp","href":"https:\/\/api.w.org\/{rel}","templated":true}]}}