{"id":117654,"date":"2021-05-30T06:00:00","date_gmt":"2021-05-30T10:00:00","guid":{"rendered":"https:\/\/linitiative.ca\/International\/sommet-extraordinaire-des-pays-ouest-africains\/"},"modified":"2021-05-30T06:00:00","modified_gmt":"2021-05-30T10:00:00","slug":"sommet-extraordinaire-des-pays-ouest-africains","status":"publish","type":"post","link":"https:\/\/linitiative.ca\/International\/sommet-extraordinaire-des-pays-ouest-africains\/","title":{"rendered":"Sommet extraordinaire des pays ouest-africains"},"content":{"rendered":"<p class=\"c3\">Les dirigeants ouest-africains se r\u00e9uniront aujourd\u2019hui au Ghana pour examiner la r\u00e9ponse \u00e0 apporter au nouveau coup de force perp\u00e9tr\u00e9 par les militaires au Mali, ont indiqu\u00e9 des sources diplomatiques africaines.<br \/>Ce sommet extraordinaire des chefs d&rsquo;\u00c9tat et de gouvernement des quinze pays membres de la Communaut\u00e9 \u00e9conomique des \u00c9tats de l&rsquo;Afrique de l&rsquo;Ouest (C\u00e9d\u00e9ao) devrait \u00eatre consacr\u00e9 exclusivement au Mali, ont affirm\u00e9 ces diplomates.\u00a0<br \/>Le sommet pourrait examiner la question des sanctions. Une d\u00e9l\u00e9gation de la C\u00e9d\u00e9ao qui s&rsquo;est rendue cette semaine au Mali avait \u00e9voqu\u00e9 cette \u00e9ventualit\u00e9 lors d&rsquo;un prochain sommet.\u00a0<br \/>La C\u00e9d\u00e9ao avait suspendu le Mali de tous ses organes de d\u00e9cision, ferm\u00e9 les fronti\u00e8res de ses \u00c9tats membres et stopp\u00e9 les \u00e9changes financiers et commerciaux avec le Mali \u00e0 l&rsquo;exception des produits de premi\u00e8re n\u00e9cessit\u00e9, apr\u00e8s le coup d&rsquo;\u00c9tat perp\u00e9tr\u00e9 le 18 ao\u00fbt 2020 par les m\u00eames colonels maliens. Elle avait lev\u00e9 les sanctions apr\u00e8s la d\u00e9signation d&rsquo;un Pr\u00e9sident et d&rsquo;un Premier ministre civils, et l&rsquo;engagement de la part des militaires de rendre le pouvoir \u00e0 des civils \u00e9lus au bout de 18 mois. Jeudi, le pr\u00e9sident de la transition au Mali, Bah Ndaw, et son Premier ministre Moctar Ouane, arr\u00eat\u00e9s lundi dernier et conduits \u00absous la contrainte\u00bb par des soldats au camp militaire de Kati, pr\u00e8s de Bamako, ont \u00e9t\u00e9 lib\u00e9r\u00e9s dans la nuit.\u00a0<br \/>Les deux dirigeants de la transition ont d\u00e9missionn\u00e9 mercredi apr\u00e8s leur arrestation, selon un collaborateur du vice-pr\u00e9sident de la transition et un membre d&rsquo;une mission internationale, cit\u00e9s par des m\u00e9dias sur place. Ainsi, neuf mois apr\u00e8s avoir renvers\u00e9 le pr\u00e9sident \u00e9lu, IBK, le colonel Assimi Go\u00efta a \u00e9t\u00e9 d\u00e9clar\u00e9 chef de l\u2019\u00c9tat et pr\u00e9sident de la transition par la cour constitutionnelle malienne.\u00a0 L\u2019ancien commandant de bataillon des forces sp\u00e9ciales occupera ces fonctions jusqu\u2019au terme de la transition, selon l\u2019arr\u00eat de la cour constitutionnelle.\u00a0<br \/>Plusieurs responsables de l\u2019opposition du M5-RFP ont accept\u00e9 la main tendue par les putschistes. \u00abCela nous est all\u00e9 droit au c\u0153ur\u00bb, a dit Choguel Kokalla Ma\u00efga, une des t\u00eates pensantes du collectif, plusieurs fois ministre depuis 2002 et de plus en plus pressenti pour diriger le gouvernement.\u00a0<br \/>Par ailleurs, plusieurs centaines de Maliens ont manifest\u00e9 dans l\u2019apr\u00e8s-midi \u00e0 Bamako leur soutien aux colonels et, pour nombre d\u2019entre eux, leur hostilit\u00e9 envers la France.<br \/>R. I.<\/p>\n<p>Auteur:<br \/>\n<a href=\"https:\/\/www.lesoirdalgerie.com\/monde\/sommet-extraordinaire-des-pays-ouest-africains-61954\">Cliquez ici pour lire l&rsquo;article depuis sa source.<\/a><\/p>\n","protected":false},"excerpt":{"rendered":"<p>Les dirigeants ouest-africains se r\u00e9uniront aujourd\u2019hui au Ghana pour examiner la r\u00e9ponse \u00e0 apporter au nouveau coup de force perp\u00e9tr\u00e9 par les militaires au Mali, ont indiqu\u00e9 des sources diplomatiques africaines.Ce sommet extraordinaire des chefs d&rsquo;\u00c9tat et de gouvernement des quinze pays membres de la Communaut\u00e9 \u00e9conomique des \u00c9tats de l&rsquo;Afrique de l&rsquo;Ouest (C\u00e9d\u00e9ao) devrait [&hellip;]<\/p>\n","protected":false},"author":1741,"featured_media":0,"comment_status":"closed","ping_status":"closed","sticky":false,"template":"","format":"standard","meta":{"fifu_image_url":"","fifu_image_alt":"","footnotes":""},"categories":[73,53],"tags":[],"class_list":["post-117654","post","type-post","status-publish","format-standard","hentry","category-actualite","category-algerie"],"_links":{"self":[{"href":"https:\/\/linitiative.ca\/International\/wp-json\/wp\/v2\/posts\/117654","targetHints":{"allow":["GET"]}}],"collection":[{"href":"https:\/\/linitiative.ca\/International\/wp-json\/wp\/v2\/posts"}],"about":[{"href":"https:\/\/linitiative.ca\/International\/wp-json\/wp\/v2\/types\/post"}],"author":[{"embeddable":true,"href":"https:\/\/linitiative.ca\/International\/wp-json\/wp\/v2\/users\/1741"}],"replies":[{"embeddable":true,"href":"https:\/\/linitiative.ca\/International\/wp-json\/wp\/v2\/comments?post=117654"}],"version-history":[{"count":0,"href":"https:\/\/linitiative.ca\/International\/wp-json\/wp\/v2\/posts\/117654\/revisions"}],"wp:attachment":[{"href":"https:\/\/linitiative.ca\/International\/wp-json\/wp\/v2\/media?parent=117654"}],"wp:term":[{"taxonomy":"category","embeddable":true,"href":"https:\/\/linitiative.ca\/International\/wp-json\/wp\/v2\/categories?post=117654"},{"taxonomy":"post_tag","embeddable":true,"href":"https:\/\/linitiative.ca\/International\/wp-json\/wp\/v2\/tags?post=117654"}],"curies":[{"name":"wp","href":"https:\/\/api.w.org\/{rel}","templated":true}]}}