{"id":117655,"date":"2021-05-30T06:00:00","date_gmt":"2021-05-30T10:00:00","guid":{"rendered":"https:\/\/linitiative.ca\/International\/le-dernier-match-de-mahrez-a-city\/"},"modified":"2021-05-30T06:00:00","modified_gmt":"2021-05-30T10:00:00","slug":"le-dernier-match-de-mahrez-a-city","status":"publish","type":"post","link":"https:\/\/linitiative.ca\/International\/le-dernier-match-de-mahrez-a-city\/","title":{"rendered":"Le dernier match de Mahrez \u00e0 City ?"},"content":{"rendered":"<p class=\"c3\">Au moment o\u00f9 j&rsquo;\u00e9cris ces lignes, je ne connais pas le r\u00e9sultat de la finale jou\u00e9e \u00e0 Porto. Par contre, je donne beaucoup de cr\u00e9dit \u00e0 l&rsquo;info-bombe tomb\u00e9e hier : City pourrait vendre Mahrez lors du mercato estival ! Si l&rsquo;info se confirme, on trouvera quand m\u00eame curieux que son d\u00e9part n&rsquo;ait pas \u00e9t\u00e9 favoris\u00e9 au moment o\u00f9 il v\u00e9g\u00e9tait sur le banc de touche. L&rsquo;annonce de son transfert alors qu&rsquo;il r\u00e9alise une fabuleuse fin de saison nous laisserait perplexe !<br \/>S&rsquo;agit-il de la suite pr\u00e9vue de l&rsquo;exhibition de notre n\u00b07 avec le drapeau palestinien ? N&rsquo;oublions pas que City appartient aux \u00c9miratis, c&rsquo;est-\u00e0-dire aux sionistes&#8230;\u00a0<br \/><em><strong>M. F.<\/strong><\/em><\/p>\n<p>Auteur:<br \/>\n<a href=\"https:\/\/www.lesoirdalgerie.com\/billet-pas-doux\/le-dernier-match-de-mahrez-a-city-61953\">Cliquez ici pour lire l&rsquo;article depuis sa source.<\/a><\/p>\n","protected":false},"excerpt":{"rendered":"<p>Au moment o\u00f9 j&rsquo;\u00e9cris ces lignes, je ne connais pas le r\u00e9sultat de la finale jou\u00e9e \u00e0 Porto. Par contre, je donne beaucoup de cr\u00e9dit \u00e0 l&rsquo;info-bombe tomb\u00e9e hier : City pourrait vendre Mahrez lors du mercato estival ! Si l&rsquo;info se confirme, on trouvera quand m\u00eame curieux que son d\u00e9part n&rsquo;ait pas \u00e9t\u00e9 favoris\u00e9 [&hellip;]<\/p>\n","protected":false},"author":1741,"featured_media":0,"comment_status":"closed","ping_status":"closed","sticky":false,"template":"","format":"standard","meta":{"fifu_image_url":"","fifu_image_alt":"","footnotes":""},"categories":[73,53],"tags":[],"class_list":["post-117655","post","type-post","status-publish","format-standard","hentry","category-actualite","category-algerie"],"_links":{"self":[{"href":"https:\/\/linitiative.ca\/International\/wp-json\/wp\/v2\/posts\/117655","targetHints":{"allow":["GET"]}}],"collection":[{"href":"https:\/\/linitiative.ca\/International\/wp-json\/wp\/v2\/posts"}],"about":[{"href":"https:\/\/linitiative.ca\/International\/wp-json\/wp\/v2\/types\/post"}],"author":[{"embeddable":true,"href":"https:\/\/linitiative.ca\/International\/wp-json\/wp\/v2\/users\/1741"}],"replies":[{"embeddable":true,"href":"https:\/\/linitiative.ca\/International\/wp-json\/wp\/v2\/comments?post=117655"}],"version-history":[{"count":0,"href":"https:\/\/linitiative.ca\/International\/wp-json\/wp\/v2\/posts\/117655\/revisions"}],"wp:attachment":[{"href":"https:\/\/linitiative.ca\/International\/wp-json\/wp\/v2\/media?parent=117655"}],"wp:term":[{"taxonomy":"category","embeddable":true,"href":"https:\/\/linitiative.ca\/International\/wp-json\/wp\/v2\/categories?post=117655"},{"taxonomy":"post_tag","embeddable":true,"href":"https:\/\/linitiative.ca\/International\/wp-json\/wp\/v2\/tags?post=117655"}],"curies":[{"name":"wp","href":"https:\/\/api.w.org\/{rel}","templated":true}]}}