{"id":117656,"date":"2021-05-30T06:00:00","date_gmt":"2021-05-30T10:00:00","guid":{"rendered":"https:\/\/linitiative.ca\/International\/session-de-formation-pour-les-charges-de-communication-des-wilayas-du-centre-est\/"},"modified":"2021-05-30T06:00:00","modified_gmt":"2021-05-30T10:00:00","slug":"session-de-formation-pour-les-charges-de-communication-des-wilayas-du-centre-est","status":"publish","type":"post","link":"https:\/\/linitiative.ca\/International\/session-de-formation-pour-les-charges-de-communication-des-wilayas-du-centre-est\/","title":{"rendered":"Session de formation pour les charg\u00e9s de communication des wilayas du centre-est"},"content":{"rendered":"<p class=\"c3\">La troisi\u00e8me session de formation sur les techniques de communication au profit des charg\u00e9s de communication de la Protection civile des wilayas du centre-est du pays s&rsquo;est ouverte mercredi au niveau de la direction de la wilaya de Bordj-Bou-Arr\u00e9ridj, indique un communiqu\u00e9 de la Protection civile.<br \/>Cette session de formation s&rsquo;inscrit dans le cadre du \u00abd\u00e9veloppement et la modernisation du secteur de la Protection civile, particuli\u00e8rement dans le domaine de la formation sp\u00e9cialis\u00e9e, eu \u00e9gard aux missions multiples et de plus en plus complexes d\u00e9volues au secteur, notamment en mati\u00e8re de prise en charge et de r\u00e9duction des diff\u00e9rents risques\u00bb, pr\u00e9cise la m\u00eame source.<br \/>Elle s&rsquo;inscrit \u00e9galement dans le cadre de l&rsquo;application du programme de renforcement des capacit\u00e9s de \u00abmanagement des crises, \u00e0 travers les nouvelles technologies de l&rsquo;information et de la communication (TIC), en particulier dans le domaine de l&rsquo;utilisation des r\u00e9seaux sociaux\u00bb.<br \/>C&rsquo;est \u00e0 travers les r\u00e9seaux sociaux que la Protection civile entend impulser une \u00abnouvelle dynamique d&rsquo;adh\u00e9sion \u00e0 son programme de communication sociale, particuli\u00e8rement parmi les jeunes qui constituent le vecteur le mieux \u00e0 m\u00eame de favoriser la transmission et la propagation des id\u00e9es et actions de vulgarisation portant sur la pr\u00e9vention des risques\u00bb.<br \/>Cette troisi\u00e8me session de formation fait suite aux deux pr\u00e9c\u00e9dentes sessions organis\u00e9es, respectivement, au niveau des wilayas d&rsquo;El-Oued (30-31 mars) et de B\u00e9char (7-8 avril), rappelle le communiqu\u00e9.<\/p>\n<p>Auteur:<br \/>\n<a href=\"https:\/\/www.lesoirdalgerie.com\/regions\/session-de-formation-pour-les-charges-de-communication-des-wilayas-du-centre-est-61952\">Cliquez ici pour lire l&rsquo;article depuis sa source.<\/a><\/p>\n","protected":false},"excerpt":{"rendered":"<p>La troisi\u00e8me session de formation sur les techniques de communication au profit des charg\u00e9s de communication de la Protection civile des wilayas du centre-est du pays s&rsquo;est ouverte mercredi au niveau de la direction de la wilaya de Bordj-Bou-Arr\u00e9ridj, indique un communiqu\u00e9 de la Protection civile.Cette session de formation s&rsquo;inscrit dans le cadre du \u00abd\u00e9veloppement [&hellip;]<\/p>\n","protected":false},"author":1741,"featured_media":0,"comment_status":"closed","ping_status":"closed","sticky":false,"template":"","format":"standard","meta":{"fifu_image_url":"","fifu_image_alt":"","footnotes":""},"categories":[73,53],"tags":[],"class_list":["post-117656","post","type-post","status-publish","format-standard","hentry","category-actualite","category-algerie"],"_links":{"self":[{"href":"https:\/\/linitiative.ca\/International\/wp-json\/wp\/v2\/posts\/117656","targetHints":{"allow":["GET"]}}],"collection":[{"href":"https:\/\/linitiative.ca\/International\/wp-json\/wp\/v2\/posts"}],"about":[{"href":"https:\/\/linitiative.ca\/International\/wp-json\/wp\/v2\/types\/post"}],"author":[{"embeddable":true,"href":"https:\/\/linitiative.ca\/International\/wp-json\/wp\/v2\/users\/1741"}],"replies":[{"embeddable":true,"href":"https:\/\/linitiative.ca\/International\/wp-json\/wp\/v2\/comments?post=117656"}],"version-history":[{"count":0,"href":"https:\/\/linitiative.ca\/International\/wp-json\/wp\/v2\/posts\/117656\/revisions"}],"wp:attachment":[{"href":"https:\/\/linitiative.ca\/International\/wp-json\/wp\/v2\/media?parent=117656"}],"wp:term":[{"taxonomy":"category","embeddable":true,"href":"https:\/\/linitiative.ca\/International\/wp-json\/wp\/v2\/categories?post=117656"},{"taxonomy":"post_tag","embeddable":true,"href":"https:\/\/linitiative.ca\/International\/wp-json\/wp\/v2\/tags?post=117656"}],"curies":[{"name":"wp","href":"https:\/\/api.w.org\/{rel}","templated":true}]}}