{"id":117657,"date":"2021-05-30T10:26:58","date_gmt":"2021-05-30T14:26:58","guid":{"rendered":"https:\/\/linitiative.ca\/International\/desinformation-propagande-et-infox-en-forte-affluence-attention-aux-manipulations-et-aux-tromperies-par-mehdi-hijaouy\/"},"modified":"2021-05-30T10:26:58","modified_gmt":"2021-05-30T14:26:58","slug":"desinformation-propagande-et-infox-en-forte-affluence-attention-aux-manipulations-et-aux-tromperies-par-mehdi-hijaouy","status":"publish","type":"post","link":"https:\/\/linitiative.ca\/International\/desinformation-propagande-et-infox-en-forte-affluence-attention-aux-manipulations-et-aux-tromperies-par-mehdi-hijaouy\/","title":{"rendered":"D\u00e9sinformation, propagande et infox en forte affluence : attention aux manipulations et aux tromperies [Par Mehdi Hijaouy]"},"content":{"rendered":"<p><strong>Dans tous les temps et dans les moments de crises, notamment \u2013 politiques, \u00e9conomiques, diplomatiques, sanitaires ou sociales, les fausses informations foisonnent de partout.<\/strong><\/p>\n<div class=\"c10\">\n<\/div>\n<p>Chacun cherche \u00e0 faire v\u00e9hiculer des \u00ab fake news \u00bb pour servir ses int\u00e9r\u00eats, \u00e0 m\u00eame de cr\u00e9er des alt\u00e9rations soit entre pays, entreprises ou individus. Ces fallacieuses informations sont employ\u00e9es comme une arme psychologique contre les populations adverses, via des m\u00e9dias de masse interpos\u00e9s qui facilitent la fluidit\u00e9 de ces fausses nouvelles. Une belle illustration est celle des \u00ab fake news \u00bb, v\u00e9hicul\u00e9es en pleine pand\u00e9mie de Covid-19, \u00e0 diff\u00e9rentes \u00e9chelles : entre laboratoires pharmaceutiques, pays ou m\u00eame \u00e0 l\u2019int\u00e9rieur d\u2019un Etat. Un tel ph\u00e9nom\u00e8ne se vit \u00e9galement, de mani\u00e8re brutale, lors des p\u00e9riodes de campagnes \u00e9lectorales o\u00f9 chaque parti politique essaie de ternir l\u2019image de ses concurrents. Une telle situation est devenue monnaie courante, depuis la multiplication des publications et des \u00e9changes dans les plateformes et espaces num\u00e9riques, ainsi que les r\u00e9seaux sociaux, dont les Etats, journalistes ou simples citoyens t\u00e9moignent presque malgr\u00e9 eux ! D\u2019o\u00f9 l\u2019imp\u00e9ratif int\u00e9r\u00eat d\u2019\u00e9valuer la pertinence et la fiabilit\u00e9 de toute information, avant m\u00eame de prendre une quelconque d\u00e9cision.<\/p>\n<p><strong>Ne point croire, m\u00e9caniquement, ce que l\u2019on \u00e9coute, ce qu\u2019on lit, ni ce que l\u2019on voit \u2026 \u00e0 d\u00e9faut de fabrication<\/strong><\/p>\n<p>R\u00e9seaux sociaux et plateformes \u00e9lectroniques de partage constituent le terrain propice pour placer de fausses informations \u2013 qu\u2019il s\u2019agisse d\u2019un partage de textes, d\u2019images, de vid\u00e9os ou de liens en ligne \u2013 les faire circuler imminemment, pour toucher des millions de personnes en quelques minutes, \u00e0 effet d\u2019un buzz, ni moins ni plus La quasi-totalit\u00e9 des individus et des populations, toutes nationalit\u00e9s confondues, n\u2019ont pas le r\u00e9flexe de v\u00e9rifier les sources d\u2019informations, pour s\u2019enqu\u00e9rir de leur v\u00e9racit\u00e9.<\/p>\n<p><strong>Lire aussi| <a href=\"https:\/\/www.challenge.ma\/le-parti-espagnol-dextreme-droite-vox-reclame-la-fermeture-totale-des-frontieres-avec-le-maroc-186252\/\">Le parti espagnol d\u2019extr\u00eame droite Vox r\u00e9clame la fermeture totale des fronti\u00e8res avec le Maroc<\/a><\/strong><\/p>\n<p>Ceux-ci se contentent, sans le moindre effort, de lire, de regarder et d\u2019\u00e9couter, sans pour autant s\u2019assurer de la fiabilit\u00e9 de l\u2019information et partant partager illico presto. Pour la plupart d\u2019entre eux, ils croient au fameux proverbe \u00ab il n\u2019y a pas de fum\u00e9e sans feu \u00bb, n\u00e9gligeant le fait que les th\u00e9ories du complot remontent \u00e0 des lustres ! Comme diraient les personnes averties, la propagande a mauvaise r\u00e9putation. Qu\u2019elle soit blanche, grise ou noire, il s\u2019agit d\u2019un endoctrinement, d\u2019une intoxication ou encore d\u2019un empoisonnement.<\/p>\n<p>Source de l\u2019information d\u00e9clar\u00e9e, d\u00e9termin\u00e9e, dissimul\u00e9e ou fabriqu\u00e9e, l\u2019objectif \u2013 s\u2019il ne cherche pas \u00e0 tromper \u2013 aurait pour objectif, comme expliqu\u00e9 par l\u2019\u00e9minent professeur et pr\u00e9sident de l\u2019institut fran\u00e7ais d\u2019analyse strat\u00e9gique, Monsieur Fran\u00e7ois G\u00e9r\u00e9, \u00ab d\u2019influencer l\u2019\u00e9tat d\u2019esprit et les modes de pens\u00e9e d\u2019une audience d\u00e9termin\u00e9e dans un but d\u2019adh\u00e9sion ou de bienveillance \u00e0 l\u2019\u00e9gard de la th\u00e8se que l\u2019\u00e9metteur cherche \u00e0 d\u00e9fendre \u00bb.<\/p>\n<p><strong>Des Etats facilement bluff\u00e9s<\/strong><\/p>\n<p>A l\u2019heure du num\u00e9rique, des m\u00e9dias et des r\u00e9seaux sociaux, ce n\u2019est plus l\u2019individu qui gobe tout ce qu\u2019il re\u00e7oit et\/ou voit comme information mais la chose est bien plus grave : certains pays sont carr\u00e9ment induits en erreur tandis que d\u2019autres profitent de l\u2019ignorance d\u2019autres Etats pour les manipuler, en toute impunit\u00e9 ! Il est des temps o\u00f9 m\u00eame un Etat, tellement empress\u00e9 d\u2019agir face \u00e0 certaines situations \u00e0 port\u00e9e strat\u00e9gique, ne prend plus le temps de s\u2019enqu\u00e9rir des faits r\u00e9els. Celui-ci croit en ses politiciens, ses journalistes et\/ou en ses hommes du renseignement qui \u2013 totalement malform\u00e9s et parfois corrompus et\/ou non \u00e9thiques \u2013 d\u00e9naturent, falsifient ou montent carr\u00e9ment, de toutes pi\u00e8ces, des sc\u00e8nes et\/ou des images !<\/p>\n<p><strong>Lire aussi| <a href=\"https:\/\/www.challenge.ma\/gunter-pauli-promoteur-de-leconomie-bleue-et-auteur-du-livre-modele-maroc-il-faut-mobiliser-et-non-immobiliser-185866\/\">Gunter Pauli, promoteur de \u00abl\u2019Economie Bleue\u00bb et auteur du livre \u00abMod\u00e8le Maroc\u00bb : \u00abIl faut mobiliser et non immobiliser !\u00bb<\/a><\/strong><\/p>\n<p>Pourtant, les cons\u00e9quences peuvent s\u2019av\u00e9rer tr\u00e8s graves et alt\u00e9rer des relations bilat\u00e9rales, portant fortement nuisance \u00e0 des int\u00e9r\u00eats \u00e9conomiques r\u00e9ciproques entre pays amis. A l\u2019exemple d\u2019un Tebboune qui arrive \u00e0 manipuler le parti politique espagnol, actuellement au pouvoir, en l\u2019impliquant dans une pure affaire criminelle transnationale. Et cela ne s\u2019arr\u00eate pas l\u00e0 : il le convainc de provoquer un litige maroco-espagnol. Alors que l\u2019Espagne est depuis plusieurs ann\u00e9es, le partenaire commercial privil\u00e9gi\u00e9 du Royaume, avec une balance commerciale de 12 milliards d\u2019euros, d\u00e9passant du quart celle avec la France.<\/p>\n<p>A vrai dire, il s\u2019agit d\u2019une simple crise spasmodique qui ressurgit cycliquement, \u00e0 chaque changement de pouvoir \u00e0 Madrid, mais \u00e0 la grande diff\u00e9rence qu\u2019aujourd\u2019hui, le Royaume est devenu une r\u00e9elle puissance r\u00e9gionale \u00e9mergente. \u00ab L\u2019hostilit\u00e9 m\u00e9diatique espagnole \u00e0 l\u2019\u00e9gard du Maroc, \u00e0 base de fakes news, ne peut occulter la v\u00e9ritable source de la crise, qui est l\u2019accueil par Madrid, sous une fausse identit\u00e9 du chef des milices s\u00e9paratistes du Polisario \u00bb avait d\u00e9clar\u00e9, en date du 20 mai 2021, M. Nasser Bourita, ministre des Affaires \u00e9trang\u00e8res, de la coop\u00e9ration africaine et des Marocains r\u00e9sidant \u00e0 l\u2019\u00e9tranger.<\/p>\n<p><strong>Apprendre \u00e0 se pr\u00e9munir contre la d\u00e9sinformation et la manipulation<\/strong><\/p>\n<p>Au XXI\u00e8me si\u00e8cle, de plus en plus d\u2019Etats tentent de manipuler l\u2019information en dehors de leurs fronti\u00e8res et dont l\u2019incidence peut s\u2019av\u00e9rer dramatique sur la politique mondiale, y compris des relations internationales, soient-elles bilat\u00e9rales ou multilat\u00e9rales. Malgr\u00e9 ces forts impacts, rares sont les pays qui en tirent le\u00e7on et qui mettent les moyens pour \u00e9viter d\u2019\u00eatre victimes et\/ou complices d\u2019actions d\u2019intoxication ou de propagande mais font implicitement la sourde oreille, fait gravissime pour les Etats qui se respectent. Pourtant, cette action devrait s\u2019inscrire \u00e0 partir des \u00e9coles primaires, en commen\u00e7ant par sensibiliser aux m\u00e9faits de la propagande, de la d\u00e9sinformation et aux fausses nouvelles.<\/p>\n<p><strong>Lire aussi| <a href=\"https:\/\/www.challenge.ma\/apres-une-vaccination-ou-une-infection-voici-votre-degre-de-protection-face-a-la-covid-19-186229\/\">Apr\u00e8s une vaccination ou une infection, voici votre degr\u00e9 de protection face \u00e0 la covid-19<\/a><\/strong><\/p>\n<p>Aussi, est-il fort important de rappeler que m\u00eame les juridictions devraient veiller \u00e0 mettre en place un corpus juridique, \u00e0 l\u2019\u00e9chelle plan\u00e9taire, qui puisse, du moins, contrer de telles man\u0153uvres, car en Droit international, rien ne le permet, compte tenu qu\u2019aucune instance internationale, \u00e0 date, n\u2019a \u00e9t\u00e9 habilit\u00e9e pour r\u00e9ceptionner des requ\u00eates en pareille mati\u00e8re.<\/p>\n<p>Ainsi, faut-il le rappeler, bon nombre de pays sont pris au pi\u00e8ge, apr\u00e8s que leur soient inject\u00e9es des doses de \u00ab fake news \u00bb. Ceux-ci, manipul\u00e9s et tromp\u00e9s et voir m\u00eame \u2013 assez souvent \u2013 d\u00e9tourn\u00e9s contre leurs propres int\u00e9r\u00eats, sans s\u2019en rendre compte en temps opportun. Il en ressort aussi que la hi\u00e9rarchie de l\u2019information est totalement boulevers\u00e9e, pla\u00e7ant les pays dans des environnements souvent politis\u00e9s et relevant de milieux complotistes, ce qui entache leur image de marque et partant les discr\u00e9diter. Une guerre mondiale par\/contre\/pour l\u2019information est enclench\u00e9e dans un objectif de domination, \u00e0 travers des pratiques d\u2019intelligence \u00e9conomique et strat\u00e9gique, purement offensives. Pour cela, les Etats, particuli\u00e8rement africains, devraient redoubler leur vigilance pour \u00e9viter de faire l\u2019objet d\u2019\u00e9ventuelles manipulations, allant parfois m\u00eame leur causer d\u2019\u00e9normes pr\u00e9judices ! Apr\u00e8s bient\u00f4t 22 ans de r\u00e8gne, Sa Majest\u00e9 le Roi Mohammed VI que Dieu L\u2019assiste, gr\u00e2ce \u00e0 sa vision \u00e9clair\u00e9e, est consid\u00e9r\u00e9 comme l\u2019exemple \u00e0 suivre par tous les pays en mati\u00e8re de bonne gouvernance.<\/p>\n<p>En effet, l\u2019Auguste Souverain, dans un esprit de parfaite sagesse, n\u2019a jamais \u00e9t\u00e9 engren\u00e9 dans des op\u00e9rations de d\u00e9sinformation, privil\u00e9giant ainsi un cadre de paix et de bon voisinage dans ses relations, y compris avec toutes les religions monoth\u00e9istes ; d\u2019o\u00f9 le large m\u00e9rite de se voir attribu\u00e9 un prix Nobel de la paix.<\/p>\n<p><strong>Mehdi Hijaouy est expert en s\u00e9curit\u00e9, d\u00e9fense, strat\u00e9gie et intelligence \u00e9conomique<br \/>Fondateur du Washington Strategic Intelligence Center<br \/>Executive MBA en \u00ab Strat\u00e9gie d\u2019Influence, N\u00e9gociation et Guerre Psychologique \u00bb \u2013 EGE1, Paris<br \/>Executive MBA en \u00ab Management des Risques, S\u00fbret\u00e9 Internationale et Cybers\u00e9curit\u00e9 \u00bb \u2013 EGE, Paris<\/strong> <strong>1 Ecole de Guerre Economique<\/strong><\/p>\n<p><strong>Lire aussi| <a href=\"https:\/\/www.challenge.ma\/covid-19-un-hybride-des-variants-anglais-et-indien-decouvert-au-vietnam-186225\/\">Covid-19 : un hybride des variants anglais et indien d\u00e9couvert au Vietnam<\/a><\/strong><\/p>\n<div class=\"vw-sticky-sidebar-wrapper vw-sticky-sidebar widget_text awac-wrapper widget_text awac widget custom_html-4 textwidget custom-html-widget\">\n<p class=\"has-background c12\"><span class=\"widget-title c11\">Tribune et D\u00e9bats<\/span><\/p>\n<p>La tribune qui vous parle d\u2019une actu, d\u2019un sujet qui fait d\u00e9bat, les traite et les analyse. \u00c9conomistes et autres experts, patrons d\u2019entreprises, d\u00e9cideurs, acteurs de la soci\u00e9t\u00e9 civile, s\u2019y prononcent et contribuent \u00e0 sa grande richesse. Vous avez votre opinion, convergente ou diff\u00e9rente. Exprimez-la et mesurez-vous ainsi \u00e0 nos tribuns et d\u00e9batteurs.<\/p>\n<p>Envoyez vos analyses \u00e0 : <a href=\"\/cdn-cgi\/l\/email-protection#f4979b9a80959780b4979c959898919a9391da9995\"><span class=\"__cf_email__\" data-cfemail=\"462529283227253206252e272a2a23282123682b27\">[email\u00a0protected]<\/span><\/a>, en pr\u00e9cisant votre nom, votre pr\u00e9nom et votre m\u00e9tier.<\/p>\n<\/div>\n<p>Auteur: challenge<br \/>\n<a href=\"https:\/\/www.challenge.ma\/desinformation-propagande-et-infox-en-forte-affluence-attention-aux-manipulations-et-aux-tromperies-par-mehdi-hijaouy-186267\/\">Cliquez ici pour lire l&rsquo;article depuis sa source.<\/a><\/p>\n","protected":false},"excerpt":{"rendered":"<p>Dans tous les temps et dans les moments de crises, notamment \u2013 politiques, \u00e9conomiques, diplomatiques, sanitaires ou sociales, les fausses informations foisonnent de partout. Chacun cherche \u00e0 faire v\u00e9hiculer des \u00ab fake news \u00bb pour servir ses int\u00e9r\u00eats, \u00e0 m\u00eame de cr\u00e9er des alt\u00e9rations soit entre pays, entreprises ou individus. Ces fallacieuses informations sont employ\u00e9es [&hellip;]<\/p>\n","protected":false},"author":1787,"featured_media":0,"comment_status":"closed","ping_status":"closed","sticky":false,"template":"","format":"standard","meta":{"fifu_image_url":"","fifu_image_alt":"","footnotes":""},"categories":[78,54],"tags":[],"class_list":["post-117657","post","type-post","status-publish","format-standard","hentry","category-economie","category-maroc"],"_links":{"self":[{"href":"https:\/\/linitiative.ca\/International\/wp-json\/wp\/v2\/posts\/117657","targetHints":{"allow":["GET"]}}],"collection":[{"href":"https:\/\/linitiative.ca\/International\/wp-json\/wp\/v2\/posts"}],"about":[{"href":"https:\/\/linitiative.ca\/International\/wp-json\/wp\/v2\/types\/post"}],"author":[{"embeddable":true,"href":"https:\/\/linitiative.ca\/International\/wp-json\/wp\/v2\/users\/1787"}],"replies":[{"embeddable":true,"href":"https:\/\/linitiative.ca\/International\/wp-json\/wp\/v2\/comments?post=117657"}],"version-history":[{"count":0,"href":"https:\/\/linitiative.ca\/International\/wp-json\/wp\/v2\/posts\/117657\/revisions"}],"wp:attachment":[{"href":"https:\/\/linitiative.ca\/International\/wp-json\/wp\/v2\/media?parent=117657"}],"wp:term":[{"taxonomy":"category","embeddable":true,"href":"https:\/\/linitiative.ca\/International\/wp-json\/wp\/v2\/categories?post=117657"},{"taxonomy":"post_tag","embeddable":true,"href":"https:\/\/linitiative.ca\/International\/wp-json\/wp\/v2\/tags?post=117657"}],"curies":[{"name":"wp","href":"https:\/\/api.w.org\/{rel}","templated":true}]}}