{"id":117662,"date":"2021-05-30T15:22:05","date_gmt":"2021-05-30T19:22:05","guid":{"rendered":"https:\/\/linitiative.ca\/International\/le-directeur-de-la-sante-preventive-a-medenine-les-immigrants-irreguliers-pourraient-etre-porteurs-des-souches-indienne-et-bresilienne\/"},"modified":"2021-05-30T15:22:05","modified_gmt":"2021-05-30T19:22:05","slug":"le-directeur-de-la-sante-preventive-a-medenine-les-immigrants-irreguliers-pourraient-etre-porteurs-des-souches-indienne-et-bresilienne","status":"publish","type":"post","link":"https:\/\/linitiative.ca\/International\/le-directeur-de-la-sante-preventive-a-medenine-les-immigrants-irreguliers-pourraient-etre-porteurs-des-souches-indienne-et-bresilienne\/","title":{"rendered":"Le Directeur de la sant\u00e9 pr\u00e9ventive \u00e0 M\u00e9denine : \u00ab Les immigrants irr\u00e9guliers pourraient \u00eatre porteurs des souches indienne et br\u00e9silienne \u00bb"},"content":{"rendered":"<div id=\"content-main\" class=\"left relative left relative\">\n<div class=\"post-info-out\">\n<div class=\"post-info-img left relative\"><img decoding=\"async\" alt=\"\" src=\"https:\/\/secure.gravatar.com\/avatar\/ea481d7287ad38ca1787f44b5bb1b70e?s=50&amp;d=mm&amp;r=g\" srcset=\"https:\/\/secure.gravatar.com\/avatar\/ea481d7287ad38ca1787f44b5bb1b70e?s=100&amp;d=mm&amp;r=g 2x\" class=\"avatar avatar-50 photo\" height=\"50\" width=\"50\" loading=\"lazy\"\/><\/div>\n<div class=\"post-info-in\">\n<div class=\"post-info-right left relative post-info-name left relative\"><span><span class=\"post-info-text\">Par<\/span> <span class=\"author-name vcard fn author\"><a href=\"https:\/\/www.tunisienumerique.com\/author\/rania-ben-slimane\/\" title=\"Articles par rania ben slimane\" rel=\"author\">rania ben slimane<\/a><\/span><\/span> <span class=\"post-date updated\"><time class=\"post-date updated\" datetime=\"2021-05-30\">\u00a0| Il y a 2 heures<\/time><\/span><br \/>\n<meta itemprop=\"dateModified\" content=\"2021-05-30\"\/><\/div>\n<\/div>\n<\/div>\n<div class=\"code-block code-block-1 c4\">\n <ins class=\"adsbygoogle c3\" data-ad-layout=\"in-article\" data-ad-format=\"fluid\" data-ad-client=\"ca-pub-2102118777505746\" data-ad-slot=\"7301775417\"\/>\n<\/div>\n<p>Le Directeur de la sant\u00e9 pr\u00e9ventive \u00e0 la Direction r\u00e9gionale de la sant\u00e9 de M\u00e9denine, le Dr Zaid El Anz, a d\u00e9clar\u00e9 \u00e0 la correspondante de Tunisienum\u00e9rique dans la r\u00e9gion que la souche sud-africaine d\u00e9couverte hier est un cas isol\u00e9 et ne constitue pas une menace compte tenu de sa prise en charge m\u00e9dicale rapidement et qu\u2019il n\u2019a fr\u00e9quent\u00e9 personne pendant sa maladie.<\/p>\n<p>Le Dr Zaid a \u00e9galement pr\u00e9cis\u00e9 que les deux souches virales pourraient \u00e9merger par le biais des immigrants irr\u00e9guliers qui ont afflu\u00e9 massivement vers le gouvernorat de M\u00e9denine r\u00e9cemment, indiquant l\u2019enregistrement de cas positifs parmi ces derniers car certains sont originaires de pays voisins de l\u2019Inde.<\/p>\n<p>Il a, en outre, soulign\u00e9 que les migrants sont soumis \u00e0 un contr\u00f4le sanitaire strict, et que les \u00e9chantillons pr\u00e9lev\u00e9s ont \u00e9t\u00e9 envoy\u00e9s au Laboratoire Pasteur pour analyse.<\/p>\n<p>Le responsable a expliqu\u00e9 qu\u2019il existe actuellement en Tunisie entre 70 et 80% d\u2019infections \u00e0 la souche britannique \u00e0 propagation rapide.<\/p>\n<div class=\"swp_social_panel swp_horizontal_panel swp_flat_fresh swp_default_full_color swp_individual_full_color swp_other_full_color scale-100 scale-\" data-min-width=\"1100\" data-float-color=\"#ffffff\" data-float=\"bottom\" data-float-mobile=\"bottom\" data-transition=\"slide\">\n<div class=\"nc_tweetContainer swp_share_button total_shares total_sharesalt\"><span class=\"swp_count\">0 <span class=\"swp_label\">Partages<\/span><\/span><\/div>\n<\/div>\n<p><strong>Que se passe-t-il en Tunisie?<\/strong><br \/>Nous expliquons sur notre <a href=\"https:\/\/www.youtube.com\/channel\/UCRzypVq0B_yBad5eGrwBx0Q?sub_confirmation=1\" target=\"_blank\" rel=\"noopener\">cha\u00eene YouTube<\/a> . <a href=\"https:\/\/www.youtube.com\/channel\/UCRzypVq0B_yBad5eGrwBx0Q?sub_confirmation=1\" target=\"_blank\" rel=\"noopener\">Abonnez-vous!<\/a><\/p>\n<div class=\"mvp-org-wrap\" itemprop=\"publisher\">\n<div class=\"mvp-org-logo\" itemprop=\"logo\"><img decoding=\"async\" src=\"https:\/\/www.tunisienumerique.com\/wp-content\/uploads\/2017\/02\/logo_tunisie_numerique.png\"\/><br \/>\n<meta itemprop=\"url\" content=\"https:\/\/www.tunisienumerique.com\/wp-content\/uploads\/2017\/02\/logo_tunisie_numerique.png\"\/><\/div>\n<p><meta content=\"Tunisie\"\/><\/div>\n<div class=\"mvp-related-posts left relative\">\n<h4 class=\"post-header\"><span class=\"post-header\">Lire aussi<\/span><\/h4>\n<\/div>\n<div id=\"article-ad\">\n <ins class=\"adsbygoogle c5\" data-ad-client=\"ca-pub-2102118777505746\" data-ad-slot=\"6513972734\" data-ad-format=\"auto\" data-full-width-responsive=\"true\"\/>\n<\/div>\n<\/div>\n<div id=\"post-sidebar-wrap\">\n <ins class=\"adsbygoogle c5\" data-ad-client=\"ca-pub-2102118777505746\" data-ad-slot=\"6168283410\" data-ad-format=\"auto\" data-full-width-responsive=\"true\"\/>\n<\/div>\n<p>Auteur: rania ben slimane<br \/>\n<a href=\"https:\/\/www.tunisienumerique.com\/le-directeur-de-la-sante-preventive-a-medenine-les-immigrants-irreguliers-pourraient-etre-porteurs-des-souches-indienne-et-bresilienne\/\">Cliquez ici pour lire l&rsquo;article depuis sa source.<\/a><\/p>\n","protected":false},"excerpt":{"rendered":"<p>Par rania ben slimane \u00a0| Il y a 2 heures Le Directeur de la sant\u00e9 pr\u00e9ventive \u00e0 la Direction r\u00e9gionale de la sant\u00e9 de M\u00e9denine, le Dr Zaid El Anz, a d\u00e9clar\u00e9 \u00e0 la correspondante de Tunisienum\u00e9rique dans la r\u00e9gion que la souche sud-africaine d\u00e9couverte hier est un cas isol\u00e9 et ne constitue pas une [&hellip;]<\/p>\n","protected":false},"author":1789,"featured_media":0,"comment_status":"closed","ping_status":"closed","sticky":false,"template":"","format":"standard","meta":{"fifu_image_url":"https:\/\/secure.gravatar.com\/avatar\/ea481d7287ad38ca1787f44b5bb1b70e?s=50&d=mm&r=g","fifu_image_alt":"Le Directeur de la sant\u00e9 pr\u00e9ventive \u00e0 M\u00e9denine : \u00ab Les immigrants irr\u00e9guliers pourraient \u00eatre porteurs des souches indienne et br\u00e9silienne \u00bb","footnotes":""},"categories":[73,55],"tags":[],"class_list":["post-117662","post","type-post","status-publish","format-standard","hentry","category-actualite","category-tunisie"],"_links":{"self":[{"href":"https:\/\/linitiative.ca\/International\/wp-json\/wp\/v2\/posts\/117662","targetHints":{"allow":["GET"]}}],"collection":[{"href":"https:\/\/linitiative.ca\/International\/wp-json\/wp\/v2\/posts"}],"about":[{"href":"https:\/\/linitiative.ca\/International\/wp-json\/wp\/v2\/types\/post"}],"author":[{"embeddable":true,"href":"https:\/\/linitiative.ca\/International\/wp-json\/wp\/v2\/users\/1789"}],"replies":[{"embeddable":true,"href":"https:\/\/linitiative.ca\/International\/wp-json\/wp\/v2\/comments?post=117662"}],"version-history":[{"count":0,"href":"https:\/\/linitiative.ca\/International\/wp-json\/wp\/v2\/posts\/117662\/revisions"}],"wp:attachment":[{"href":"https:\/\/linitiative.ca\/International\/wp-json\/wp\/v2\/media?parent=117662"}],"wp:term":[{"taxonomy":"category","embeddable":true,"href":"https:\/\/linitiative.ca\/International\/wp-json\/wp\/v2\/categories?post=117662"},{"taxonomy":"post_tag","embeddable":true,"href":"https:\/\/linitiative.ca\/International\/wp-json\/wp\/v2\/tags?post=117662"}],"curies":[{"name":"wp","href":"https:\/\/api.w.org\/{rel}","templated":true}]}}