{"id":117668,"date":"2021-05-30T06:21:43","date_gmt":"2021-05-30T10:21:43","guid":{"rendered":"https:\/\/linitiative.ca\/International\/cote-divoire-lambassadeur-du-burkina-invite-les-burkinabe-a-la-serenite-et-a-ne-surtout-pas-ceder-a-deventuelles-provocations\/"},"modified":"2021-05-30T06:21:43","modified_gmt":"2021-05-30T10:21:43","slug":"cote-divoire-lambassadeur-du-burkina-invite-les-burkinabe-a-la-serenite-et-a-ne-surtout-pas-ceder-a-deventuelles-provocations","status":"publish","type":"post","link":"https:\/\/linitiative.ca\/International\/cote-divoire-lambassadeur-du-burkina-invite-les-burkinabe-a-la-serenite-et-a-ne-surtout-pas-ceder-a-deventuelles-provocations\/","title":{"rendered":"C\u00f4te d\u2019Ivoire: L\u2019Ambassadeur du Burkina \u00a0invite les Burkinab\u00e8 \u00e0 la s\u00e9r\u00e9nit\u00e9 et \u00e0 ne surtout pas c\u00e9der \u00e0 d\u2019\u00e9ventuelles provocations\u00a0"},"content":{"rendered":"<div class=\"td-post-content tagdiv-type\" readability=\"42\">\n<div class=\"td-post-featured-image\"><a href=\"https:\/\/www.sidwaya.info\/wp-content\/uploads\/2021\/05\/Ambassade.jpg\" data-caption=\"\"><img loading=\"lazy\" decoding=\"async\" width=\"480\" height=\"320\" class=\"entry-thumb td-modal-image\" src=\"https:\/\/www.sidwaya.info\/wp-content\/uploads\/2021\/05\/Ambassade.jpg\" srcset=\"https:\/\/www.sidwaya.info\/wp-content\/uploads\/2021\/05\/Ambassade.jpg 480w, https:\/\/www.sidwaya.info\/wp-content\/uploads\/2021\/05\/Ambassade-300x200.jpg 300w, https:\/\/www.sidwaya.info\/wp-content\/uploads\/2021\/05\/Ambassade-150x100.jpg 150w\" sizes=\"auto, (max-width: 480px) 100vw, 480px\" alt=\"\" title=\"Ambassade\"\/><\/a><\/div>\n<p>Depuis un certain temps, une vid\u00e9o circulant sur les r\u00e9seaux sociaux tente de pr\u00e9senter les Burkinab\u00e8 comme la source des probl\u00e8mes de la C\u00f4te d\u2019Ivoire et invite les Ivoiriens \u00e0 consid\u00e9rer la communaut\u00e9 burkinab\u00e8 comme leur v\u00e9ritable ennemi.<br \/>Confondant ethnie et nationalit\u00e9, l\u2019auteur cite nomm\u00e9ment une personnalit\u00e9 pr\u00e9sent\u00e9e comme un Mossi qui se m\u00ealerait des affaires politiques de la R\u00e9publique de C\u00f4te d\u2019Ivoire.<br \/>Face \u00e0 cette situation, l\u2019Ambassade du Burkina Faso en R\u00e9publique de C\u00f4te d\u2019Ivoire tient \u00e0 rappeler que les Burkinab\u00e8 ne se m\u00ealent pas des questions politiques ivoiriennes.<br \/>Elle invite en cons\u00e9quence toute personne ayant connaissance de cas d\u2019implication de Burkinab\u00e8 dans des activit\u00e9s politiques ivoiriennes \u00e0 les d\u00e9noncer imm\u00e9diatement aupr\u00e8s des autorit\u00e9s comp\u00e9tentes ivoiriennes.<br \/>Aussi, l\u2019Ambassade d\u00e9nonce-t-elle ces accusations port\u00e9es contre la communaut\u00e9 burkinab\u00e8 et d\u00e9plore une fois de plus l\u2019insidieux amalgame fait entre patronyme, ethnie et nationalit\u00e9 dont la finalit\u00e9 est de stigmatiser toute une communaut\u00e9 et jeter d\u2019innocentes personnes en p\u00e2ture.<br \/>Enfin, l\u2019Ambassade invite les Burkinab\u00e8 \u00e0 la s\u00e9r\u00e9nit\u00e9 et \u00e0 ne surtout pas c\u00e9der \u00e0 d\u2019\u00e9ventuelles provocations d\u2019une part et d\u2019autre part, \u00e0 saisir les autorit\u00e9s de leurs localit\u00e9s en cas de n\u00e9cessit\u00e9.<br \/>L\u2019Ambassade renouvelle ses remerciements aux autorit\u00e9s ivoiriennes pour les dispositions prises avec c\u00e9l\u00e9rit\u00e9 en vue de la qui\u00e9tude des populations.<\/p>\n<div class=\"td-a-rec td-a-rec-id-content_bottom tdi_33_bb4 td_block_template_1\">\n<p><img loading=\"lazy\" decoding=\"async\" class=\"aligncenter size-full wp-image-27454\" src=\"https:\/\/www.sidwaya.info\/wp-content\/uploads\/2020\/10\/PUB-Bandeau-paiement-mobile-siteweb.jpg\" alt=\"\" width=\"728\" height=\"90\"\/><\/div>\n<\/div>\n<footer>\n<div class=\"td-post-sharing-bottom\">\n<p><iframe frameborder=\"0\" src=\"https:\/\/www.facebook.com\/plugins\/like.php?href=https:\/\/www.sidwaya.info\/blog\/2021\/05\/30\/cote-divoire-ambassadeur-du-burkina-invite-les-burkinabe-a-la-serenite-et-a-ne-surtout-pas-ceder-a-deventuelles-provocations\/&amp;layout=button_count&amp;show_faces=false&amp;width=105&amp;action=like&amp;colorscheme=light&amp;height=21\" class=\"c1\">[embedded content]<\/iframe><\/p>\n<\/div>\n<div class=\"td-block-row td-post-next-prev\">\n<div class=\"td-block-span6 td-post-prev-post td-post-next-prev-content\"><span>Article pr\u00e9c\u00e9dent<\/span><a href=\"https:\/\/www.sidwaya.info\/blog\/2021\/05\/28\/fonds-minier-de-developpement-local-des-defis-a-relever-pour-plus-defficacite\/\">Fonds minier de d\u00e9veloppement local\u00a0: Des d\u00e9fis \u00e0 relever pour plus d\u2019efficacit\u00e9<\/a><\/div>\n<div class=\"td-block-span6 td-post-next-post td-post-next-prev-content\"><span>Article suivant<\/span><a href=\"https:\/\/www.sidwaya.info\/blog\/2021\/05\/30\/vaccin-covid-19-les-premieres-doses-pour-le-personnel-de-sante-et-ceux-avec-une-comorbidite-affirmee\/\">Vaccin Covid-19 : Les premi\u00e8res doses pour le personnel de sant\u00e9 et ceux avec une comorbidit\u00e9 affirm\u00e9e.<\/a><\/div>\n<\/div>\n<p><meta itemprop=\"name\" content=\"Wamini SIDWAYA\"\/><br \/>\n<meta itemprop=\"datePublished\" content=\"2021-05-30T10:21:43+00:00\"\/><br \/>\n<meta itemprop=\"dateModified\" content=\"2021-05-30T10:25:14+00:00\"\/><br \/>\n<meta itemscope=\"itemscope\" itemprop=\"mainEntityOfPage\" itemtype=\"https:\/\/schema.org\/WebPage\" itemid=\"https:\/\/www.sidwaya.info\/blog\/2021\/05\/30\/cote-divoire-ambassadeur-du-burkina-invite-les-burkinabe-a-la-serenite-et-a-ne-surtout-pas-ceder-a-deventuelles-provocations\/\"\/><br \/>\n<meta itemprop=\"url\" content=\"https:\/\/www.sidwaya.info\/wp-content\/uploads\/2019\/08\/sidwaya-bon-544-1.jpg\"\/><br \/>\n<meta itemprop=\"name\" content=\"Quotidien Sidwaya\"\/><br \/>\n<meta itemprop=\"headline\" content=\"C\u00f4te d'Ivoire: L'Ambassadeur du Burkina \u00a0invite les Burkinab\u00e8 \u00e0 la s\u00e9r\u00e9nit\u00e9 et \u00e0 ne surtout pas c\u00e9der \u00e0 d\u2019\u00e9ventuelles provocations\u00a0\"\/><br \/>\n<meta itemprop=\"url\" content=\"https:\/\/www.sidwaya.info\/wp-content\/uploads\/2021\/05\/Ambassade.jpg\"\/><br \/>\n<meta itemprop=\"width\" content=\"480\"\/><br \/>\n<meta itemprop=\"height\" content=\"320\"\/><\/footer>\n<p>Auteur: Wamini SIDWAYA<br \/>\n<a href=\"https:\/\/www.sidwaya.info\/blog\/2021\/05\/30\/cote-divoire-ambassadeur-du-burkina-invite-les-burkinabe-a-la-serenite-et-a-ne-surtout-pas-ceder-a-deventuelles-provocations\/\">Cliquez ici pour lire l&rsquo;article depuis sa source.<\/a><\/p>\n","protected":false},"excerpt":{"rendered":"<p>Depuis un certain temps, une vid\u00e9o circulant sur les r\u00e9seaux sociaux tente de pr\u00e9senter les Burkinab\u00e8 comme la source des probl\u00e8mes de la C\u00f4te d\u2019Ivoire et invite les Ivoiriens \u00e0 consid\u00e9rer la communaut\u00e9 burkinab\u00e8 comme leur v\u00e9ritable ennemi.Confondant ethnie et nationalit\u00e9, l\u2019auteur cite nomm\u00e9ment une personnalit\u00e9 pr\u00e9sent\u00e9e comme un Mossi qui se m\u00ealerait des affaires [&hellip;]<\/p>\n","protected":false},"author":1816,"featured_media":0,"comment_status":"closed","ping_status":"closed","sticky":false,"template":"","format":"standard","meta":{"fifu_image_url":"https:\/\/www.sidwaya.info\/wp-content\/uploads\/2021\/05\/Ambassade.jpg","fifu_image_alt":"C\u00f4te d\u2019Ivoire: L\u2019Ambassadeur du Burkina \u00a0invite les Burkinab\u00e8 \u00e0 la s\u00e9r\u00e9nit\u00e9 et \u00e0 ne surtout pas c\u00e9der \u00e0 d\u2019\u00e9ventuelles provocations\u00a0","footnotes":""},"categories":[73,81],"tags":[],"class_list":["post-117668","post","type-post","status-publish","format-standard","hentry","category-actualite","category-burkina-faso"],"_links":{"self":[{"href":"https:\/\/linitiative.ca\/International\/wp-json\/wp\/v2\/posts\/117668","targetHints":{"allow":["GET"]}}],"collection":[{"href":"https:\/\/linitiative.ca\/International\/wp-json\/wp\/v2\/posts"}],"about":[{"href":"https:\/\/linitiative.ca\/International\/wp-json\/wp\/v2\/types\/post"}],"author":[{"embeddable":true,"href":"https:\/\/linitiative.ca\/International\/wp-json\/wp\/v2\/users\/1816"}],"replies":[{"embeddable":true,"href":"https:\/\/linitiative.ca\/International\/wp-json\/wp\/v2\/comments?post=117668"}],"version-history":[{"count":0,"href":"https:\/\/linitiative.ca\/International\/wp-json\/wp\/v2\/posts\/117668\/revisions"}],"wp:attachment":[{"href":"https:\/\/linitiative.ca\/International\/wp-json\/wp\/v2\/media?parent=117668"}],"wp:term":[{"taxonomy":"category","embeddable":true,"href":"https:\/\/linitiative.ca\/International\/wp-json\/wp\/v2\/categories?post=117668"},{"taxonomy":"post_tag","embeddable":true,"href":"https:\/\/linitiative.ca\/International\/wp-json\/wp\/v2\/tags?post=117668"}],"curies":[{"name":"wp","href":"https:\/\/api.w.org\/{rel}","templated":true}]}}