{"id":117669,"date":"2021-05-30T06:24:10","date_gmt":"2021-05-30T10:24:10","guid":{"rendered":"https:\/\/linitiative.ca\/International\/vaccin-covid-19-les-premieres-doses-pour-le-personnel-de-sante-et-ceux-avec-une-comorbidite-affirmee\/"},"modified":"2021-05-30T06:24:10","modified_gmt":"2021-05-30T10:24:10","slug":"vaccin-covid-19-les-premieres-doses-pour-le-personnel-de-sante-et-ceux-avec-une-comorbidite-affirmee","status":"publish","type":"post","link":"https:\/\/linitiative.ca\/International\/vaccin-covid-19-les-premieres-doses-pour-le-personnel-de-sante-et-ceux-avec-une-comorbidite-affirmee\/","title":{"rendered":"Vaccin Covid-19 : Les premi\u00e8res doses pour le personnel de sant\u00e9 et ceux avec une comorbidit\u00e9 affirm\u00e9e."},"content":{"rendered":"<div class=\"td-post-featured-image\"><a href=\"https:\/\/www.sidwaya.info\/wp-content\/uploads\/2021\/05\/sante-2.jpg\" data-caption=\"\"><img loading=\"lazy\" decoding=\"async\" width=\"650\" height=\"392\" class=\"entry-thumb td-modal-image\" src=\"https:\/\/www.sidwaya.info\/wp-content\/uploads\/2021\/05\/sante-2.jpg\" srcset=\"https:\/\/www.sidwaya.info\/wp-content\/uploads\/2021\/05\/sante-2.jpg 650w, https:\/\/www.sidwaya.info\/wp-content\/uploads\/2021\/05\/sante-2-300x181.jpg 300w, https:\/\/www.sidwaya.info\/wp-content\/uploads\/2021\/05\/sante-2-150x90.jpg 150w\" sizes=\"auto, (max-width: 650px) 100vw, 650px\" alt=\"\" title=\"sante\"\/><\/a><\/div>\n<p>Le gouvernement Burkinab\u00e8 a acquis des doses du vaccin (Astra Zeneca). Les premi\u00e8res doses seront r\u00e9ceptionn\u00e9es ce dimanche 30 mai 2021. A travers un communiqu\u00e9, le ministre de la sant\u00e9 a donn\u00e9 la proc\u00e9dure de mise en \u0153uvre de la vaccination contre la covid-19. Pour la 1 \u00e8re phase, les personnes \u00e9ligibles sont le personnel de sant\u00e9, les personnes vivant avec l\u2019hypertension, le diab\u00e8te, l\u2019insuffisance r\u00e9nale et les candidats au p\u00e8lerinage \u00e0 la Mecque. Le professeur Charlemagne Ou\u00e9draogo, \u00e0 de m\u00eame affirm\u00e9 que les doses seront r\u00e9parties sur l\u2019ensemble du territoire pour un d\u00e9marrage effectif de la campagne d\u00e8s les premi\u00e8res semaines du mois de juin 2021.<\/p>\n<div class=\"td-a-rec td-a-rec-id-content_bottom tdi_33_3f4 td_block_template_1\">\n<p><img loading=\"lazy\" decoding=\"async\" class=\"aligncenter size-full wp-image-27454\" src=\"https:\/\/www.sidwaya.info\/wp-content\/uploads\/2020\/10\/PUB-Bandeau-paiement-mobile-siteweb.jpg\" alt=\"\" width=\"728\" height=\"90\"\/><\/div>\n<p>Auteur: Wamini SIDWAYA<br \/>\n<a href=\"https:\/\/www.sidwaya.info\/blog\/2021\/05\/30\/vaccin-covid-19-les-premieres-doses-pour-le-personnel-de-sante-et-ceux-avec-une-comorbidite-affirmee\/\">Cliquez ici pour lire l&rsquo;article depuis sa source.<\/a><\/p>\n","protected":false},"excerpt":{"rendered":"<p>Le gouvernement Burkinab\u00e8 a acquis des doses du vaccin (Astra Zeneca). Les premi\u00e8res doses seront r\u00e9ceptionn\u00e9es ce dimanche 30 mai 2021. A travers un communiqu\u00e9, le ministre de la sant\u00e9 a donn\u00e9 la proc\u00e9dure de mise en \u0153uvre de la vaccination contre la covid-19. Pour la 1 \u00e8re phase, les personnes \u00e9ligibles sont le personnel [&hellip;]<\/p>\n","protected":false},"author":1816,"featured_media":0,"comment_status":"closed","ping_status":"closed","sticky":false,"template":"","format":"standard","meta":{"fifu_image_url":"https:\/\/www.sidwaya.info\/wp-content\/uploads\/2021\/05\/sante-2.jpg","fifu_image_alt":"Vaccin Covid-19 : Les premi\u00e8res doses pour le personnel de sant\u00e9 et ceux avec une comorbidit\u00e9 affirm\u00e9e.","footnotes":""},"categories":[73,81],"tags":[],"class_list":["post-117669","post","type-post","status-publish","format-standard","hentry","category-actualite","category-burkina-faso"],"_links":{"self":[{"href":"https:\/\/linitiative.ca\/International\/wp-json\/wp\/v2\/posts\/117669","targetHints":{"allow":["GET"]}}],"collection":[{"href":"https:\/\/linitiative.ca\/International\/wp-json\/wp\/v2\/posts"}],"about":[{"href":"https:\/\/linitiative.ca\/International\/wp-json\/wp\/v2\/types\/post"}],"author":[{"embeddable":true,"href":"https:\/\/linitiative.ca\/International\/wp-json\/wp\/v2\/users\/1816"}],"replies":[{"embeddable":true,"href":"https:\/\/linitiative.ca\/International\/wp-json\/wp\/v2\/comments?post=117669"}],"version-history":[{"count":0,"href":"https:\/\/linitiative.ca\/International\/wp-json\/wp\/v2\/posts\/117669\/revisions"}],"wp:attachment":[{"href":"https:\/\/linitiative.ca\/International\/wp-json\/wp\/v2\/media?parent=117669"}],"wp:term":[{"taxonomy":"category","embeddable":true,"href":"https:\/\/linitiative.ca\/International\/wp-json\/wp\/v2\/categories?post=117669"},{"taxonomy":"post_tag","embeddable":true,"href":"https:\/\/linitiative.ca\/International\/wp-json\/wp\/v2\/tags?post=117669"}],"curies":[{"name":"wp","href":"https:\/\/api.w.org\/{rel}","templated":true}]}}