{"id":117672,"date":"2021-05-30T07:18:02","date_gmt":"2021-05-30T11:18:02","guid":{"rendered":"https:\/\/linitiative.ca\/International\/la-malgache-haingo-raharison-elue-sg-executive-de-lusyca-de-lasecna-a-abidjan\/"},"modified":"2021-05-30T07:18:02","modified_gmt":"2021-05-30T11:18:02","slug":"la-malgache-haingo-raharison-elue-sg-executive-de-lusyca-de-lasecna-a-abidjan","status":"publish","type":"post","link":"https:\/\/linitiative.ca\/International\/la-malgache-haingo-raharison-elue-sg-executive-de-lusyca-de-lasecna-a-abidjan\/","title":{"rendered":"La Malgache Haingo Raharison \u00e9lue SG ex\u00e9cutive de l\u2019USYCA de l\u2019ASECNA \u00e0 Abidjan"},"content":{"rendered":"<div readability=\"32\">\n<p>Publi\u00e9 le 30.05.2021 \u00e0 12h18 par APA News<\/p>\n<\/div>\n<div readability=\"137\">\n<p>La Malgache Haingo Lanto Raharison a \u00e9t\u00e9 \u00e9lue samedi \u00e0 Abidjan secr\u00e9taire g\u00e9n\u00e9rale ex\u00e9cutive de l\u2019Union des syndicats des contr\u00f4leurs a\u00e9riens (USYCA) de l\u2019ASECNA, \u00e0 l\u2019issue d\u2019un Congr\u00e8s extraordinaire.<\/p>\n<p>Mme Haingo Lanto Raharison, membre du \u00ab\u00a0SYNDICAM\u00a0\u00bb, succ\u00e8de au Nig\u00e9rien Ousseini Mohamadou Fattaou, qui \u00e9tait le pr\u00e9sident de s\u00e9ance. Elle conduira un bureau de 12 membres avec \u00e0 ses c\u00f4t\u00e9s le S\u00e9n\u00e9galais Paul Fran\u00e7ois Gomis, premier secr\u00e9taire g\u00e9n\u00e9ral adjoint.<\/p>\n<p>L\u2019Ivoirien Soungalo Ciss\u00e9, du Syndicat national des contr\u00f4leurs a\u00e9riens de C\u00f4te d\u2019Ivoire (SYNACCI), a \u00e9t\u00e9 d\u00e9sign\u00e9 au poste de deuxi\u00e8me secr\u00e9taire g\u00e9n\u00e9ral adjoint de l\u2019USYCA de l\u2019Agence pour la s\u00e9curit\u00e9 de la navigation a\u00e9rienne en Afrique et \u00e0 Madagascar (ASECNA).<\/p>\n<p>Le secr\u00e9taire g\u00e9n\u00e9ral ex\u00e9cutif sortant de l\u2019USYCA, Ousseini Fattaou, a appel\u00e9 les dirigeants de l\u2019ASECNA \u00e0 \u00ab\u00a0la compr\u00e9hension, \u00e0 arr\u00eater son hostilit\u00e9 vis-\u00e0-vis des syndicats et des contr\u00f4leurs, car c\u2019est un droit universellement reconnu\u00a0\u00bb.<\/p>\n<p>\u00ab\u00a0Nous ne sommes pas des ennemis, nous sommes l\u00e0 pour la m\u00eame cause, nous devrons poser le d\u00e9bat, diagnostiquer le probl\u00e8me et trouver des solutions pour le bonheur de l\u2019agence\u00a0\u00bb, a-t-il dit, ajoutant \u00ab\u00a0nous sommes tous victimes, les gens sont un peu hostiles \u00e0 notre action\u00a0\u00bb.<\/p>\n<p>Moussa Sangar\u00e9 (C\u00f4te d\u2019Ivoire), le nouveau pr\u00e9sident de la F\u00e9d\u00e9ration des associations des contr\u00f4leurs a\u00e9riens \u00a0(FACAA) de l\u2019ASECNA, a souhait\u00e9 que les relations des syndicats avec l\u2019employeur s\u2019inscrivent \u00ab\u00a0dans un processus qui cadre avec l\u2019esprit du dialogue social\u00a0\u00bb.<\/p>\n<p>Pour lui, \u00ab\u00a0\u00e0 travers un dialogue franc, sinc\u00e8re\u00a0\u00bb, on peut toujours trouver des solutions aux probl\u00e9matiques pos\u00e9es, surtout dans le cadre de la pand\u00e9mie de Covid-19 qui a impact\u00e9 \u00e0 53% les recettes d\u2019exploitation de l\u2019ASECNA en 2020.\u00a0<\/p>\n<p>Selon le repr\u00e9sentant du ministre ivoirien de l\u2019Emploi et de la protection sociale, Eben-Ezer Agoh, inspecteur g\u00e9n\u00e9ral en charge du travail et de la protection sociale, le d\u00e9partement voudrais faire en sorte que la tryptique dialogue employeur-travailleurs-Etat soit une r\u00e9alit\u00e9.<\/p>\n<p>\u00ab\u00a0Il faut faire en sorte que le travailleur parvienne \u00e0 ce que l\u2019on appelle la productivit\u00e9, parce que trop de fois on a mis l\u2019accent sur l\u2019assiduit\u00e9, la ponctualit\u00e9 au travail, sans que v\u00e9ritablement ces postures aient un impact sur les r\u00e9sultats attendus de l\u2019employeur\u00a0\u00bb, a fait observer M. Agoh.<\/p>\n<p>\u00ab\u00a0Aujourd\u2019hui, le paradigme nouveau du minist\u00e8re de l\u2019Emploi et de la protection sociale, c\u2019est de s\u2019inscrire dans un dialogue constructif entre employeurs, travailleurs et l\u2019Etat qui ne fait qu\u2019accompagner les conditions de ce dialogue\u00a0\u00bb, a-t-il poursuivi.\u00a0<\/p>\n<p>L\u2019Union comprend un secr\u00e9taire charg\u00e9 de la revendication, la strat\u00e9gie et les contentieux, le Malien Sanogo Issiaka Fampi (Syncam), un tr\u00e9sorier g\u00e9n\u00e9ral, le Nig\u00e9rien Abdou Mahamadou (Syncan), un tr\u00e9sorier g\u00e9n\u00e9ral adjoint, Mohamed Djoumoi (Sycacaom, Comores).<\/p>\n<p>Le Burkinab\u00e8 Fulbert Bembamba (Syncab), occupe le poste de secr\u00e9taire \u00e0 l\u2019information et \u00e0 l\u2019organisation, Ferdinand Koyema (Syncac, CentrAfrique), le Togolais Koffi Sovon (Synact), d\u00e9sign\u00e9 secr\u00e9taire aux affaires socioprofessionnelles.<\/p>\n<p>Le B\u00e9ninois Antoine Minde a \u00e9t\u00e9 \u00e9lu secr\u00e9taire aux Affaires ext\u00e9rieures. Deux commissaires aux comptes ont \u00e9t\u00e9 d\u00e9sign\u00e9s, le Togolais Moustapha Derman (Synact) et le Camerounais Micha\u00ebl Ouagni (Syncac).<\/p>\n<p>L\u2019USYCA regroupe 11 syndicats de contr\u00f4leurs a\u00e9riens de l\u2019ASECNA sur 17 organisations que compte cette plateforme. Ce congr\u00e8s extraordinaire, le deuxi\u00e8me, intervient dans un contexte marqu\u00e9 par la pand\u00e9mie de Covid-19. A la cr\u00e9ation de l\u2019Union, il y avait sept syndicats.\u00a0<\/p>\n<\/div>\n<p>Auteur: APA News<br \/>\n<a href=\"https:\/\/www.journalducameroun.com\/la-malgache-haingo-raharison-elue-sg-executive-de-lusyca-de-lasecna-a-abidjan\/\">Cliquez ici pour lire l&rsquo;article depuis sa source.<\/a><\/p>\n","protected":false},"excerpt":{"rendered":"<p>Publi\u00e9 le 30.05.2021 \u00e0 12h18 par APA News La Malgache Haingo Lanto Raharison a \u00e9t\u00e9 \u00e9lue samedi \u00e0 Abidjan secr\u00e9taire g\u00e9n\u00e9rale ex\u00e9cutive de l\u2019Union des syndicats des contr\u00f4leurs a\u00e9riens (USYCA) de l\u2019ASECNA, \u00e0 l\u2019issue d\u2019un Congr\u00e8s extraordinaire. Mme Haingo Lanto Raharison, membre du \u00ab\u00a0SYNDICAM\u00a0\u00bb, succ\u00e8de au Nig\u00e9rien Ousseini Mohamadou Fattaou, qui \u00e9tait le pr\u00e9sident de [&hellip;]<\/p>\n","protected":false},"author":1965,"featured_media":0,"comment_status":"closed","ping_status":"closed","sticky":false,"template":"","format":"standard","meta":{"fifu_image_url":"","fifu_image_alt":"","footnotes":""},"categories":[73,82],"tags":[],"class_list":["post-117672","post","type-post","status-publish","format-standard","hentry","category-actualite","category-cameroun"],"_links":{"self":[{"href":"https:\/\/linitiative.ca\/International\/wp-json\/wp\/v2\/posts\/117672","targetHints":{"allow":["GET"]}}],"collection":[{"href":"https:\/\/linitiative.ca\/International\/wp-json\/wp\/v2\/posts"}],"about":[{"href":"https:\/\/linitiative.ca\/International\/wp-json\/wp\/v2\/types\/post"}],"author":[{"embeddable":true,"href":"https:\/\/linitiative.ca\/International\/wp-json\/wp\/v2\/users\/1965"}],"replies":[{"embeddable":true,"href":"https:\/\/linitiative.ca\/International\/wp-json\/wp\/v2\/comments?post=117672"}],"version-history":[{"count":0,"href":"https:\/\/linitiative.ca\/International\/wp-json\/wp\/v2\/posts\/117672\/revisions"}],"wp:attachment":[{"href":"https:\/\/linitiative.ca\/International\/wp-json\/wp\/v2\/media?parent=117672"}],"wp:term":[{"taxonomy":"category","embeddable":true,"href":"https:\/\/linitiative.ca\/International\/wp-json\/wp\/v2\/categories?post=117672"},{"taxonomy":"post_tag","embeddable":true,"href":"https:\/\/linitiative.ca\/International\/wp-json\/wp\/v2\/tags?post=117672"}],"curies":[{"name":"wp","href":"https:\/\/api.w.org\/{rel}","templated":true}]}}