{"id":117675,"date":"2021-05-30T13:19:03","date_gmt":"2021-05-30T17:19:03","guid":{"rendered":"https:\/\/linitiative.ca\/International\/le-secteur-des-assurances-realise-une-production-globale-de-210-milliards-de-fcfa-de-en-2020\/"},"modified":"2021-05-30T13:19:03","modified_gmt":"2021-05-30T17:19:03","slug":"le-secteur-des-assurances-realise-une-production-globale-de-210-milliards-de-fcfa-de-en-2020","status":"publish","type":"post","link":"https:\/\/linitiative.ca\/International\/le-secteur-des-assurances-realise-une-production-globale-de-210-milliards-de-fcfa-de-en-2020\/","title":{"rendered":"Le secteur des assurances r\u00e9alise une production globale de 210 milliards de FCFA de en 2020"},"content":{"rendered":"<p>L\u2019annonce avait \u00e9t\u00e9 faite le 18 mai 2021 par G\u00e9rard Moulong, le pr\u00e9sident de l\u2019Association des soci\u00e9t\u00e9s d\u2019assurances du Cameroun (Asac). Ce regroupement dispose d\u2019un fonds de 106 milliards de FCFA pour appuyer le gouvernement dans la mise en oeuvre de son plan de son plan de reconstruction des r\u00e9gions du Sud-ouest et du Nord-ouest. Concernant notamment l\u2019assurance-risque des travaux d\u2019am\u00e9nagements routiers.<\/p>\n<p><strong>Lire aussi<\/strong> : <strong><a href=\"https:\/\/ecomatin.net\/chanas-assurances-realise-un-chiffre-daffaires-de-142-milliards-de-fcfa-en-2020\/\">Chanas Assurances r\u00e9alise un chiffre d\u2019affaires de 14,2 milliards de FCFA<\/a><\/strong><\/p>\n<p>Preuve de la bonne sant\u00e9 de ce secteur malgr\u00e9 la pand\u00e9mie de covid-19 et la crise s\u00e9curitaire dans les deux r\u00e9gions anglophones. D\u2019apr\u00e8s G\u00e9rard Moulong, il a enregistr\u00e9 une production globale de 210 milliards de FCFA en 2020. Un r\u00e9sultat en hausse l\u00e9g\u00e8re de 0,64% par rapport \u00e0 celui enregistr\u00e9 par le secteur en 2019 qui affichait un montant de 209 milliards de FCFA de production globale. Le Cameroun garde sa position de deuxi\u00e8me dans la zone Cima (Conf\u00e9rence interafricaine des march\u00e9s d\u2019assurances), derri\u00e8re la C\u00f4te d\u2019Ivoire et devant le S\u00e9n\u00e9gal et le Gabon.\u00a0<\/p>\n<p><strong>Lire aussi : <a href=\"https:\/\/ecomatin.net\/activa-assurances-met-sur-le-marche-deux-solutions-dassurances-dediees-aux-femmes\/\">Activa Assurances met sur le march\u00e9 deux solutions d\u2019assurances d\u00e9di\u00e9es aux femmes<\/a><\/strong><\/p>\n<p>La branche \u00abVie\u00bb du secteur camerounais des assurances cl\u00f4ture l\u2019exercice 2020 avec un chiffre d\u2019affaires cumul\u00e9 de 69,4 milliards de FCFA. Contre 67,8 milliards de FCFA en 2019, soit une hausse de 2,31 %. L\u2019activit\u00e9 de la branche \u00abnon-Vie\u00bb conna\u00eet plut\u00f4t une stagnation. Ce segment affiche ainsi un chiffre d\u2019affaires de 140,9 milliards de FCFA en 2020. Ce chiffre \u00e9tait de 141,2 milliards de FCFA en 2019. Correspondant in fine \u00e0 une l\u00e9g\u00e8re baisse de 0,17% concernant \u00a0cette branche. On apprendra \u00e9galement de l\u2019Asac que les assureurs camerounais ont proc\u00e9d\u00e9 en 2019, au r\u00e8glement d\u2019un montant de 98 milliards de FCFA en 2019, en attendant les statistiques 2020.<\/p>\n<p><strong>Lire aussi : <a href=\"http:\/\/Bancassurance%20:%20NFC%20Bank%20et%20Prudential%20Beneficial%20s%E2%80%99associent%20pour%20gagner%20des%20parts%20de%20march%C3%A9\">Bancassurance : NFC Bank et Prudential Beneficial s\u2019associent pour gagner des parts de march\u00e9<\/a><\/strong><\/p>\n<p>Pour rappel l\u2019Asac a \u00e9t\u00e9 cr\u00e9\u00e9e en 1973 et regroupe 28 compagnies d\u2019assurances dont 17 compagnies non vie et 11 compagnies vie. L\u2019industrie des assurances au Cameroun dispose par ailleurs de 3 repr\u00e9sentations de compagnies de r\u00e9assurance et plus d\u2019une centaine de soci\u00e9t\u00e9s de courtage. Le chiffre d\u2019affaires de l\u2019industrie des assurances repr\u00e9sente environ 1% du produit int\u00e9rieur brut (Pib) du Cameroun. Leurs placements repr\u00e9sentent quant \u00e0 eux 2% du Pib, pour 1600 emplois directs et un r\u00e9seau de 200 interm\u00e9diaires constitu\u00e9s d\u2019agents g\u00e9n\u00e9raux et de courtiers.<\/p>\n<p>Auteur: Georges Semey<br \/>\n<a href=\"https:\/\/ecomatin.net\/le-secteur-des-assurancess-realise-une-production-globale-de-210-milliards-de-fcfa-de-en-2020\/\">Cliquez ici pour lire l&rsquo;article depuis sa source.<\/a><\/p>\n","protected":false},"excerpt":{"rendered":"<p>L\u2019annonce avait \u00e9t\u00e9 faite le 18 mai 2021 par G\u00e9rard Moulong, le pr\u00e9sident de l\u2019Association des soci\u00e9t\u00e9s d\u2019assurances du Cameroun (Asac). Ce regroupement dispose d\u2019un fonds de 106 milliards de FCFA pour appuyer le gouvernement dans la mise en oeuvre de son plan de son plan de reconstruction des r\u00e9gions du Sud-ouest et du Nord-ouest. [&hellip;]<\/p>\n","protected":false},"author":1969,"featured_media":0,"comment_status":"closed","ping_status":"closed","sticky":false,"template":"","format":"standard","meta":{"fifu_image_url":"","fifu_image_alt":"","footnotes":""},"categories":[82,78],"tags":[],"class_list":["post-117675","post","type-post","status-publish","format-standard","hentry","category-cameroun","category-economie"],"_links":{"self":[{"href":"https:\/\/linitiative.ca\/International\/wp-json\/wp\/v2\/posts\/117675","targetHints":{"allow":["GET"]}}],"collection":[{"href":"https:\/\/linitiative.ca\/International\/wp-json\/wp\/v2\/posts"}],"about":[{"href":"https:\/\/linitiative.ca\/International\/wp-json\/wp\/v2\/types\/post"}],"author":[{"embeddable":true,"href":"https:\/\/linitiative.ca\/International\/wp-json\/wp\/v2\/users\/1969"}],"replies":[{"embeddable":true,"href":"https:\/\/linitiative.ca\/International\/wp-json\/wp\/v2\/comments?post=117675"}],"version-history":[{"count":0,"href":"https:\/\/linitiative.ca\/International\/wp-json\/wp\/v2\/posts\/117675\/revisions"}],"wp:attachment":[{"href":"https:\/\/linitiative.ca\/International\/wp-json\/wp\/v2\/media?parent=117675"}],"wp:term":[{"taxonomy":"category","embeddable":true,"href":"https:\/\/linitiative.ca\/International\/wp-json\/wp\/v2\/categories?post=117675"},{"taxonomy":"post_tag","embeddable":true,"href":"https:\/\/linitiative.ca\/International\/wp-json\/wp\/v2\/tags?post=117675"}],"curies":[{"name":"wp","href":"https:\/\/api.w.org\/{rel}","templated":true}]}}