{"id":117676,"date":"2021-05-31T09:07:13","date_gmt":"2021-05-31T13:07:13","guid":{"rendered":"https:\/\/linitiative.ca\/International\/la-comparution-du-denomme-ghali-devant-la-justice-espagnole-une-evolution-dont-le-maroc-prend-note\/"},"modified":"2021-05-31T09:07:13","modified_gmt":"2021-05-31T13:07:13","slug":"la-comparution-du-denomme-ghali-devant-la-justice-espagnole-une-evolution-dont-le-maroc-prend-note","status":"publish","type":"post","link":"https:\/\/linitiative.ca\/International\/la-comparution-du-denomme-ghali-devant-la-justice-espagnole-une-evolution-dont-le-maroc-prend-note\/","title":{"rendered":"La comparution du d\u00e9nomm\u00e9 Ghali devant la justice espagnole, une \u00ab\u00e9volution\u00bb dont le Maroc prend note"},"content":{"rendered":"<figure class=\"post-thumbnail\" itemprop=\"associatedMedia\" itemscope=\"itemscope\" itemtype=\"http:\/\/schema.org\/ImageObject\"><img decoding=\"async\" class=\"post_layout_5_img\" src=\"http:\/\/aujourdhui.ma\/wp-content\/uploads\/2016\/09\/Ministere-des-Affaires-etrangeres-et-de-la-cooperation-Maroc.jpg\" alt=\"La comparution du d\u00e9nomm\u00e9 Ghali devant la justice espagnole, une \u00ab\u00e9volution\u00bb dont le Maroc prend note\"\/><\/figure>\n<p><span class=\"c6\"><strong>La comparution, mardi le 1er juin, du d\u00e9nomm\u00e9 Brahim Ghali devant la Haute Cour Nationale espagnole est, certes, une \u00ab\u00e9volution\u00bb dont le Maroc prend note, mais elle \u00abne constitue pas, pour autant, le fond de la crise grave\u00bb entre les deux pays voisins, indique, lundi, le minist\u00e8re des Affaires Etrang\u00e8res, de la Coop\u00e9ration Africaine et des Marocains r\u00e9sidant \u00e0 l\u2019\u00e9tranger.<\/strong><\/span><span id=\"more-377834\"\/><\/p>\n<p>\u00abD\u2019abord, la comparution du d\u00e9nomm\u00e9 Ghali confirme ce que le Maroc avait dit d\u00e8s le d\u00e9but : l\u2019Espagne a bien fait rentrer, sciemment, sur son territoire, de mani\u00e8re frauduleuse et occulte, une personne poursuivie par la justice espagnole pour des plaintes d\u00e9pos\u00e9es par des victimes de nationalit\u00e9 espagnole et pour des actes commis en partie sur le sol espagnol\u00bb, affirme le minist\u00e8re dans une D\u00e9claration. Cette comparution vient ensuite montrer le vrai visage du +polisario+ incarn\u00e9 par un dirigeant qui a commis des crimes abjects, qui viole, torture, bafoue les droits de l\u2019Homme et commandite des actes terroristes, pr\u00e9cise la D\u00e9claration, ajoutant que cette comparution souligne la responsabilit\u00e9 de l\u2019Espagne envers elle-m\u00eame, puisque les victimes du d\u00e9nomm\u00e9 Ghali sont avant tout espagnoles.<\/p>\n<p>La comparution du d\u00e9nomm\u00e9 Ghali constitue, donc, le d\u00e9but d\u2019une premi\u00e8re reconnaissance des droits des victimes et de la responsabilit\u00e9 criminelle et p\u00e9nale de cet individu, poursuit le minist\u00e8re, notant que c\u2019est aussi la premi\u00e8re fois que la justice espagnole convoque ce responsable et lui oppose des plaintes pour des crimes graves.<\/p>\n<p>\u00abEt encore, il ne s\u2019agit que des plaintes r\u00e9v\u00e9l\u00e9es au grand jour. Qu\u2019en est-il de tous les enfants, les femmes et les hommes qui subissent les affres du +polisario+ ? Des traitements inhumains sont inflig\u00e9s quotidiennement aux populations de Tindouf \u2013 ces sans voix du +polisario+ \u2013 sans que justice ne leur soit rendue\u00bb, s\u2019indigne le minist\u00e8re.<\/p>\n<p>Auteur: ALM<br \/>\n<a href=\"https:\/\/aujourdhui.ma\/politique\/la-comparution-du-denomme-ghali-devant-la-justice-espagnole-une-evolution-dont-le-maroc-prend-note\">Cliquez ici pour lire l&rsquo;article depuis sa source.<\/a><\/p>\n","protected":false},"excerpt":{"rendered":"<p>La comparution, mardi le 1er juin, du d\u00e9nomm\u00e9 Brahim Ghali devant la Haute Cour Nationale espagnole est, certes, une \u00ab\u00e9volution\u00bb dont le Maroc prend note, mais elle \u00abne constitue pas, pour autant, le fond de la crise grave\u00bb entre les deux pays voisins, indique, lundi, le minist\u00e8re des Affaires Etrang\u00e8res, de la Coop\u00e9ration Africaine et [&hellip;]<\/p>\n","protected":false},"author":1759,"featured_media":0,"comment_status":"closed","ping_status":"closed","sticky":false,"template":"","format":"standard","meta":{"fifu_image_url":"http:\/\/aujourdhui.ma\/wp-content\/uploads\/2016\/09\/Ministere-des-Affaires-etrangeres-et-de-la-cooperation-Maroc.jpg","fifu_image_alt":"La comparution du d\u00e9nomm\u00e9 Ghali devant la justice espagnole, une \u00ab\u00e9volution\u00bb dont le Maroc prend note","footnotes":""},"categories":[73,54],"tags":[],"class_list":["post-117676","post","type-post","status-publish","format-standard","hentry","category-actualite","category-maroc"],"_links":{"self":[{"href":"https:\/\/linitiative.ca\/International\/wp-json\/wp\/v2\/posts\/117676","targetHints":{"allow":["GET"]}}],"collection":[{"href":"https:\/\/linitiative.ca\/International\/wp-json\/wp\/v2\/posts"}],"about":[{"href":"https:\/\/linitiative.ca\/International\/wp-json\/wp\/v2\/types\/post"}],"author":[{"embeddable":true,"href":"https:\/\/linitiative.ca\/International\/wp-json\/wp\/v2\/users\/1759"}],"replies":[{"embeddable":true,"href":"https:\/\/linitiative.ca\/International\/wp-json\/wp\/v2\/comments?post=117676"}],"version-history":[{"count":0,"href":"https:\/\/linitiative.ca\/International\/wp-json\/wp\/v2\/posts\/117676\/revisions"}],"wp:attachment":[{"href":"https:\/\/linitiative.ca\/International\/wp-json\/wp\/v2\/media?parent=117676"}],"wp:term":[{"taxonomy":"category","embeddable":true,"href":"https:\/\/linitiative.ca\/International\/wp-json\/wp\/v2\/categories?post=117676"},{"taxonomy":"post_tag","embeddable":true,"href":"https:\/\/linitiative.ca\/International\/wp-json\/wp\/v2\/tags?post=117676"}],"curies":[{"name":"wp","href":"https:\/\/api.w.org\/{rel}","templated":true}]}}