{"id":117678,"date":"2021-05-31T10:00:42","date_gmt":"2021-05-31T14:00:42","guid":{"rendered":"https:\/\/linitiative.ca\/International\/bien-que-les-professionnels-soient-sceptiques-quant-a-une-reprise-de-leur-rythme-dactivite-habituel-asilah-se-prepare-pour-lete\/"},"modified":"2021-05-31T10:00:42","modified_gmt":"2021-05-31T14:00:42","slug":"bien-que-les-professionnels-soient-sceptiques-quant-a-une-reprise-de-leur-rythme-dactivite-habituel-asilah-se-prepare-pour-lete","status":"publish","type":"post","link":"https:\/\/linitiative.ca\/International\/bien-que-les-professionnels-soient-sceptiques-quant-a-une-reprise-de-leur-rythme-dactivite-habituel-asilah-se-prepare-pour-lete\/","title":{"rendered":"Bien que les professionnels soient sceptiques quant \u00e0 une reprise de leur rythme d\u2019activit\u00e9 habituel : Asilah se pr\u00e9pare pour l\u2019\u00e9t\u00e9"},"content":{"rendered":"<figure class=\"post-thumbnail\" itemprop=\"associatedMedia\" itemscope=\"itemscope\" itemtype=\"http:\/\/schema.org\/ImageObject\"><img decoding=\"async\" class=\"post_layout_5_img\" src=\"http:\/\/aujourdhui.ma\/wp-content\/uploads\/2020\/03\/Asilah.jpg\" alt=\"Bien que les professionnels soient sceptiques quant \u00e0 une reprise de leur rythme d\u2019activit\u00e9 habituel : Asilah se pr\u00e9pare pour l\u2019\u00e9t\u00e9\"\/><\/figure>\n<p><span class=\"c6\"><strong>Avec la campagne de vaccination et les travaux d\u2019am\u00e9nagement et d\u2019embellissement de la corniche (pr\u00e9vus d\u2019\u00eatre achev\u00e9s au cours de juin et bien avant l\u2019\u00e9t\u00e9), la belle cit\u00e9 c\u00f4ti\u00e8re semble \u00eatre en pleine pr\u00e9paration pour la saison estivale 2021, qui arrive \u00e0 grands pas.<\/strong><\/span><span id=\"more-377810\"\/><\/p>\n<p>Et gr\u00e2ce au maintien de la ville parmi les zones les plus \u00e9pargn\u00e9es par la pand\u00e9mie de la Covid-19 et la classification derni\u00e8rement de sa plage dans la liste de celles autoris\u00e9es \u00e0 la baignade dans la pr\u00e9fecture de Tanger-Asilah, les professionnels du tourisme ont h\u00e2te de renouer avec leur dynamisme habituel d\u2019\u00e9t\u00e9 et pouvoir se relever apr\u00e8s une longue p\u00e9riode de marasme qui frappe l\u2019ensemble de l\u2019\u00e9conomie locale. Bien que certains d\u2019entre eux doutent d\u2019atteindre, cette ann\u00e9e, le m\u00eame nombre de touristes comme en temps normal. Surtout qu\u2019en d\u00e9pit de ces derniers beaux jours ensoleill\u00e9s du printemps, les principaux quartiers sont encore vides des visiteurs \u00e0 l\u2019exception de quelques habitants des zones voisines, dont la majorit\u00e9 des Tang\u00e9rois, qui pr\u00e9f\u00e8rent passer g\u00e9n\u00e9ralement, en famille ou entre amis, un apr\u00e8s-midi de samedi ou dimanche dans la ville paisible et sereine d\u2019Asilah et loin de l\u2019agitation des grandes communes urbaines. Avec une \u00e9conomie locale d\u00e9pendant grandement de la saison estivale, \u00abla situation reste floue et incertaine pour nous tous. Et avec g\u00e9n\u00e9ralement un tourisme de passage, nous n\u2019arrivons pas \u00e0 d\u00e9passer le taux d\u2019occupation de 5% m\u00eame \u00e0 l\u2019approche de l\u2019\u00e9t\u00e9\u00bb, selon un h\u00f4telier de la ville.<\/p>\n<p><span class=\"c7\"><strong>Manque d\u2019enthousiasme pour les petits jobs d\u2019\u00e9t\u00e9<\/strong><\/span><\/p>\n<p>Ayant l\u2019habitude de se convertir dans des petits jobs d\u2019\u00e9t\u00e9, de nombreux za\u00eflachis ne semblent pas attendre l\u2019\u00e9t\u00e9 avec le m\u00eame enthousiasme d\u2019avant la pand\u00e9mie. Gagn\u00e9s par le doute, certains d\u2019entre eux ont d\u00e9cid\u00e9 de ne pas s\u2019adonner \u00e0 ce genre d\u2019activit\u00e9 cette ann\u00e9e. Ils justifient leur d\u00e9cision par le fait qu\u2019ils ne se remettent pas encore de leurs d\u00e9ceptions et des pertes qu\u2019ils ont endur\u00e9es apr\u00e8s avoir rat\u00e9 la saison estivale 2020, et ce en raison de l\u2019interdiction l\u2019ann\u00e9e derni\u00e8re des plages \u00e0 la baignade sur l\u2019ensemble du territoire pr\u00e9fectoral de Tanger-Asilah. \u00abNous \u2013 mon fils et moi- avons d\u00e9cid\u00e9 de ne pas demander une autorisation pour nous convertir dans la restauration \u00e0 la plage pour cet \u00e9t\u00e9. Car nous estimons que nous avons beaucoup de mal \u00e0 faire le m\u00eame travail dans un petit kiosque pendant la pand\u00e9mie et avec les m\u00eames restrictions sanitaires en vigueur. Bien que ce travail nous rapporte beaucoup plus d\u2019argent que notre commerce principal de vente de l\u00e9gumes\u00bb, fait savoir Hassan, commer\u00e7ant.<\/p>\n<p><strong><span class=\"c7\">Nettoyage de la plage par les ONG<\/span><\/strong><\/p>\n<p>Ayant \u00e9t\u00e9 \u00e0 l\u2019origine d\u2019une grande mobilisation pour la r\u00e9ouverture de la plage d\u2019Asilah, pendant plusieurs mois sur les r\u00e9seaux sociaux, les repr\u00e9sentants de la soci\u00e9t\u00e9 civile viennent d\u2019y mener des campagnes de nettoyage et de collecte de d\u00e9chets ayant connu une participation de jeunes b\u00e9n\u00e9voles parmi des \u00e9tudiants et des \u00e9l\u00e8ves de la ville. Cette initiative faisait partie des pr\u00e9paratifs pour la prochaine saison estivale. D\u2019autant plus que les professionnels du tourisme consid\u00e8rent que la propret\u00e9 et le charme des plages d\u2019Asilah ont toujours jou\u00e9 en faveur de l\u2019am\u00e9lioration de l\u2019attractivit\u00e9 touristique de la petite cit\u00e9 baln\u00e9aire aupr\u00e8s des estivants. Notons que la ville blanche continue de profiter de la beaut\u00e9 d\u2019autres plages avoisinantes ou situ\u00e9es dans son arri\u00e8re-pays, notamment celles de Akwas Briech ainsi que celles de Rmilat et de Sidi Mghait, afin d\u2019attirer plus de touristes. D\u2019ailleurs un nombre de Marocains et d\u2019\u00e9trangers a choisi d\u2019avoir son second domicile pr\u00e8s de ces plages pour y passer ses vacances d\u2019\u00e9t\u00e9.<\/p>\n<p>Auteur: Najat Fa\u00efssal<br \/>\n<a href=\"https:\/\/aujourdhui.ma\/economie\/bien-que-les-professionnels-soient-sceptiques-quant-a-une-reprise-de-leur-rythme-dactivite-habituel-asilah-se-prepare-pour-lete\">Cliquez ici pour lire l&rsquo;article depuis sa source.<\/a><\/p>\n","protected":false},"excerpt":{"rendered":"<p>Avec la campagne de vaccination et les travaux d\u2019am\u00e9nagement et d\u2019embellissement de la corniche (pr\u00e9vus d\u2019\u00eatre achev\u00e9s au cours de juin et bien avant l\u2019\u00e9t\u00e9), la belle cit\u00e9 c\u00f4ti\u00e8re semble \u00eatre en pleine pr\u00e9paration pour la saison estivale 2021, qui arrive \u00e0 grands pas. Et gr\u00e2ce au maintien de la ville parmi les zones les [&hellip;]<\/p>\n","protected":false},"author":1759,"featured_media":0,"comment_status":"closed","ping_status":"closed","sticky":false,"template":"","format":"standard","meta":{"fifu_image_url":"http:\/\/aujourdhui.ma\/wp-content\/uploads\/2020\/03\/Asilah.jpg","fifu_image_alt":"Bien que les professionnels soient sceptiques quant \u00e0 une reprise de leur rythme d\u2019activit\u00e9 habituel : Asilah se pr\u00e9pare pour l\u2019\u00e9t\u00e9","footnotes":""},"categories":[73,54],"tags":[],"class_list":["post-117678","post","type-post","status-publish","format-standard","hentry","category-actualite","category-maroc"],"_links":{"self":[{"href":"https:\/\/linitiative.ca\/International\/wp-json\/wp\/v2\/posts\/117678","targetHints":{"allow":["GET"]}}],"collection":[{"href":"https:\/\/linitiative.ca\/International\/wp-json\/wp\/v2\/posts"}],"about":[{"href":"https:\/\/linitiative.ca\/International\/wp-json\/wp\/v2\/types\/post"}],"author":[{"embeddable":true,"href":"https:\/\/linitiative.ca\/International\/wp-json\/wp\/v2\/users\/1759"}],"replies":[{"embeddable":true,"href":"https:\/\/linitiative.ca\/International\/wp-json\/wp\/v2\/comments?post=117678"}],"version-history":[{"count":0,"href":"https:\/\/linitiative.ca\/International\/wp-json\/wp\/v2\/posts\/117678\/revisions"}],"wp:attachment":[{"href":"https:\/\/linitiative.ca\/International\/wp-json\/wp\/v2\/media?parent=117678"}],"wp:term":[{"taxonomy":"category","embeddable":true,"href":"https:\/\/linitiative.ca\/International\/wp-json\/wp\/v2\/categories?post=117678"},{"taxonomy":"post_tag","embeddable":true,"href":"https:\/\/linitiative.ca\/International\/wp-json\/wp\/v2\/tags?post=117678"}],"curies":[{"name":"wp","href":"https:\/\/api.w.org\/{rel}","templated":true}]}}