{"id":117682,"date":"2021-05-30T14:00:00","date_gmt":"2021-05-30T18:00:00","guid":{"rendered":"https:\/\/linitiative.ca\/International\/israel-les-pourparlers-pour-un-gouvernement-anti-netanyahu-sintensifient\/"},"modified":"2021-05-30T14:00:00","modified_gmt":"2021-05-30T18:00:00","slug":"israel-les-pourparlers-pour-un-gouvernement-anti-netanyahu-sintensifient","status":"publish","type":"post","link":"https:\/\/linitiative.ca\/International\/israel-les-pourparlers-pour-un-gouvernement-anti-netanyahu-sintensifient\/","title":{"rendered":"Isra\u00ebl: Les pourparlers pour un gouvernement anti-Netanyahu s\u2019intensifient"},"content":{"rendered":"<p class=\"has-vivid-cyan-blue-color has-text-color\"><strong>Les tractations politiques se sont intensifi\u00e9es dimanche en Isra\u00ebl \u00e0 quelques jours d\u2019une \u00e9ch\u00e9ance cl\u00e9 pour la formation d\u2019une coalition gouvernementale, qui pourrait signer la fin de l\u2019\u00e8re de Benjamin Netanyahu, Premier ministre le plus p\u00e9renne de l\u2019histoire du pays.<\/strong><\/p>\n<p>Apr\u00e8s la fin du conflit entre Isra\u00ebl et le mouvement islamiste palestinien Hamas le 21 mai, le chef de l\u2019opposition Ya\u00efr Lapid a intensifi\u00e9 les n\u00e9gociations avec les partis issus des \u00e9lections de mars, pour tenter de former un nouveau gouvernement.<\/p>\n<p>Son mandat re\u00e7u d\u00e9but mai par le pr\u00e9sident Reuven Rivlin court jusqu\u2019au mercredi 2 juin \u00e0 23H59 locales (20H59 GMT).<\/p>\n<p>A la t\u00eate de la formation centriste Yesh Atid (\u00ab\u00a0Il y a un futur\u00a0\u00bb), M. Lapid a \u00e9t\u00e9 charg\u00e9 de former le gouvernement apr\u00e8s l\u2019\u00e9chec du Premier ministre sortant Benjamin Netanyahu, jug\u00e9 pour corruption, fraude et abus de confiance dans trois affaires, \u00e0 rallier le nombre n\u00e9cessaire de d\u00e9put\u00e9s.<\/p>\n<p>Apr\u00e8s des semaines marqu\u00e9es par la guerre de 11 jours entre le Hamas au pouvoir \u00e0 Gaza et l\u2019arm\u00e9e isra\u00e9lienne, les tensions \u00e0 J\u00e9rusalem-Est et des heurts dans des villes jud\u00e9o-arabes en Isra\u00ebl, l\u2019id\u00e9e d\u2019un \u00ab\u00a0gouvernement d\u2019union nationale\u00a0\u00bb revient \u00e0 l\u2019avant-sc\u00e8ne.<\/p>\n<p>\u00ab\u00a0Le temps pour un nouveau gouvernement est venu (\u2026) Il s\u2019agit d\u2019une opportunit\u00e9 historique de briser les barri\u00e8res qui divisent la soci\u00e9t\u00e9 isra\u00e9lienne, d\u2019unir les religieux et les la\u00efcs, la gauche, la droite et le centre\u00a0\u00bb, a lanc\u00e9 M. Lapid, en h\u00e9ritant du mandat.<\/p>\n<p>Pour parvenir \u00e0 un gouvernement d\u2019union, M. Lapid doit dans les faits r\u00e9unir 61 d\u00e9put\u00e9s sur les 120 de la Knesset.<\/p>\n<p>Il compte sur l\u2019appui de la gauche, du centre et de deux formations de droite, totalisant 51 d\u00e9put\u00e9s, d\u2019o\u00f9 le sprint final pour tenter de convaincre la formation de droite radicale Yamina de Naftali Bennett (7 si\u00e8ges) et les d\u00e9put\u00e9s arabes, de le soutenir.<\/p>\n<p>Alors que le camp Bennett doit se r\u00e9unir dimanche, M. Netanyahu, dans une vid\u00e9o post\u00e9e sur Twitter, a appel\u00e9 M. Bennett et Gideon Saar, chef d\u2019un petit parti de droite, \u00e0 \u00ab\u00a0venir, maintenant, tout de suite\u00a0\u00bb, entamer des discussions en vue d\u2019une coalition gouvernementale et une rotation des trois hommes \u00e0 sa t\u00eate, \u00e0 commencer par MM. Saar, puis Netanyahu puis Bennett.<\/p>\n<p>\u00ab\u00a0Nous sommes \u00e0 un moment crucial pour la s\u00e9curit\u00e9 et l\u2019avenir de l\u2019Etat d\u2019Isra\u00ebl\u00a0\u00bb, a-t-il plaid\u00e9.<\/p>\n<p>Un accord entre MM. Lapid et Bennett pousserait vers la porte de sortie Benjamin Netanyahu au pouvoir pendant 15 ans. Ce dernier avait vaincu Shimon Peres il y a 25 ans, le 29 mai 1996, et a \u00e9t\u00e9 Premier ministre de 1996 \u00e0 1999, puis \u00e0 partir de 2009.<\/p>\n<p>Il est en outre le premier chef du gouvernement \u00e0 faire face \u00e0 des accusations criminelles en cours de mandat.<br \/>\u00ab\u00a0Les d\u00e9s sont-ils jet\u00e9s? Jusqu\u2019au dernier moment, un nuage de doutes planera sur tout signe de r\u00e9volution\u00a0\u00bb, note dimanche le Yediot Aharonot, titre le plus vendu de la presse isra\u00e9lienne, qui s\u2019attend \u00e0 voir Naftali Bennett rejoindre la coalition anti-Netanyahu.<br \/>Israel Hayom, quotidien gratuit marqu\u00e9 \u00e0 droite, d\u00e9noncelui une tentative de \u00ab\u00a0putsch\u00a0\u00bb afin de mettre fin \u00e0 l\u2019\u00e8re Netanyahu, soutenu par des \u00ab\u00a0repr\u00e9sentants du Hamas\u00a0\u00bb, une attaque indirecte contre la formation arabe isra\u00e9lienne Raam (islamiste) de Mansour Abbas (4 d\u00e9put\u00e9s) qui pourrait soutenir la coalition Lapid.<\/p>\n<p>Apr\u00e8s quatre \u00e9lections en moins de deux ans n\u2019ayant pas r\u00e9ussi \u00e0 d\u00e9partager Benjamin Netanyahu et ses rivaux, l\u2019opposition est \u00ab\u00a0plus pr\u00e8s que jamais\u00a0\u00bb de le chasser du pouvoir, estime Gayil Talshir, professeure de sciences politiques \u00e0 l\u2019Universit\u00e9 h\u00e9bra\u00efque de J\u00e9rusalem. \u00ab\u00a0Netanyahu est dans une situation d\u00e9sesp\u00e9r\u00e9e (\u2026).\u00a0\u00bb<\/p>\n<p>\u00ab\u00a0Naftali Bennett en est arriv\u00e9 \u00e0 la conclusion que Netanyahu est au pouvoir depuis trop longtemps et qu\u2019il est distrait par ses d\u00e9m\u00eal\u00e9s juridiques\u00a0\u00bb, d\u00e9clar\u00e9 \u00e0 l\u2019AFP l\u2019analyste Dahlia Scheindlin, chiffrant \u00e0 \u00ab\u00a050\/50\u00a0\u00bb les chances de voir le bloc du changement chasser du pouvoir M. Netanyahu.<\/p>\n<p>Si le camp anti-Netanyahu ne parvient pas \u00e0 former un gouvernement, 61 d\u00e9put\u00e9s pourront demander au pr\u00e9sident de d\u00e9signer, pour une ultime tentative, un parlementaire de leur choix: ce pourrait \u00eatre MM. Netanyahu, Lapid, Bennett ou m\u00eame un autre d\u00e9put\u00e9.<\/p>\n<p>En cas de nouvel \u00e9chec, la Knesset se dissoudra et le pays ira vers de nouvelles \u00e9lections, les cinqui\u00e8mes en un peu plus de deux ans.<\/p>\n<p>Auteur: M&rsquo;hammed rahal<br \/>\n<a href=\"http:\/\/albayane.press.ma\/israel-les-pourparlers-pour-un-gouvernement-anti-netanyahu-sintensifient.html\">Cliquez ici pour lire l&rsquo;article depuis sa source.<\/a><\/p>\n","protected":false},"excerpt":{"rendered":"<p>Les tractations politiques se sont intensifi\u00e9es dimanche en Isra\u00ebl \u00e0 quelques jours d\u2019une \u00e9ch\u00e9ance cl\u00e9 pour la formation d\u2019une coalition gouvernementale, qui pourrait signer la fin de l\u2019\u00e8re de Benjamin Netanyahu, Premier ministre le plus p\u00e9renne de l\u2019histoire du pays. Apr\u00e8s la fin du conflit entre Isra\u00ebl et le mouvement islamiste palestinien Hamas le 21 [&hellip;]<\/p>\n","protected":false},"author":1760,"featured_media":0,"comment_status":"closed","ping_status":"closed","sticky":false,"template":"","format":"standard","meta":{"fifu_image_url":"","fifu_image_alt":"","footnotes":""},"categories":[73,54],"tags":[],"class_list":["post-117682","post","type-post","status-publish","format-standard","hentry","category-actualite","category-maroc"],"_links":{"self":[{"href":"https:\/\/linitiative.ca\/International\/wp-json\/wp\/v2\/posts\/117682","targetHints":{"allow":["GET"]}}],"collection":[{"href":"https:\/\/linitiative.ca\/International\/wp-json\/wp\/v2\/posts"}],"about":[{"href":"https:\/\/linitiative.ca\/International\/wp-json\/wp\/v2\/types\/post"}],"author":[{"embeddable":true,"href":"https:\/\/linitiative.ca\/International\/wp-json\/wp\/v2\/users\/1760"}],"replies":[{"embeddable":true,"href":"https:\/\/linitiative.ca\/International\/wp-json\/wp\/v2\/comments?post=117682"}],"version-history":[{"count":0,"href":"https:\/\/linitiative.ca\/International\/wp-json\/wp\/v2\/posts\/117682\/revisions"}],"wp:attachment":[{"href":"https:\/\/linitiative.ca\/International\/wp-json\/wp\/v2\/media?parent=117682"}],"wp:term":[{"taxonomy":"category","embeddable":true,"href":"https:\/\/linitiative.ca\/International\/wp-json\/wp\/v2\/categories?post=117682"},{"taxonomy":"post_tag","embeddable":true,"href":"https:\/\/linitiative.ca\/International\/wp-json\/wp\/v2\/tags?post=117682"}],"curies":[{"name":"wp","href":"https:\/\/api.w.org\/{rel}","templated":true}]}}