{"id":117683,"date":"2021-05-30T14:00:00","date_gmt":"2021-05-30T18:00:00","guid":{"rendered":"https:\/\/linitiative.ca\/International\/sommet-des-dirigeants-dafrique-de-louest-a-accra\/"},"modified":"2021-05-30T14:00:00","modified_gmt":"2021-05-30T18:00:00","slug":"sommet-des-dirigeants-dafrique-de-louest-a-accra","status":"publish","type":"post","link":"https:\/\/linitiative.ca\/International\/sommet-des-dirigeants-dafrique-de-louest-a-accra\/","title":{"rendered":"Sommet des dirigeants d\u2019Afrique de l\u2019Ouest \u00e0 Accra"},"content":{"rendered":"<p class=\"has-text-align-center has-vivid-red-color has-text-color\"><strong>R\u00e9union consacr\u00e9 au Mali<\/strong><\/p>\n<p class=\"has-vivid-cyan-blue-color has-text-color\"><strong>Une dizaine de chefs d\u2019Etat ouest-africains arrivaient dimanche matin \u00e0 Accra, la capitale du Ghana, pour trancher la question \u00e9pineuse de leur r\u00e9ponse au double putsch des militaires maliens, lors d\u2019un sommet extraordinaire.<\/strong><\/p>\n<p>Alassane Ouattara, le pr\u00e9sident de la C\u00f4te d\u2019ivoire, Muhammadu Buhari, le pr\u00e9sident nig\u00e9rian, ou encore Marc Christian Kabore du Burkina Faso, sont notamment attendus, ainsi que le colonel Assimi Go\u00efta, d\u00e9sormais officiellement pr\u00e9sident du Mali, qui est d\u00e9j\u00e0 arriv\u00e9 samedi pour des consultations pr\u00e9liminaires.<\/p>\n<p>Les chefs d\u2019Etat et ainsi que des d\u00e9l\u00e9gations de la Communaut\u00e9 des Etats de l\u2019Afrique de l\u2019Ouest (C\u00e9d\u00e9ao) se retrouvent \u00e0 partir de 14H00 (locales et GMT) pour ce sommet extraordinaire exclusivement consacr\u00e9 au Mali.<br \/>De son c\u00f4t\u00e9, la pr\u00e9sidence du Mali a indiqu\u00e9 sur sa page Facebook que \u00ab\u00a0le chef de l\u2019\u00c9tat \u2013 le colonel Assimi Go\u00efta \u2013 aura un t\u00eate-\u00e0-t\u00eate avec son homologue ghan\u00e9en et des entretiens bilat\u00e9raux avec les partenaires et amis du Mali.\u00a0\u00bb<\/p>\n<p>Le pr\u00e9sident fran\u00e7ais Emmanuel Macron a de son c\u00f4t\u00e9 averti, dans un entretien au Journal du dimanche, que Paris \u00ab\u00a0ne resterait pas aux c\u00f4t\u00e9s d\u2019un pays o\u00f9 il n\u2019y a plus de l\u00e9gitimit\u00e9 d\u00e9mocratique ni de transition\u00a0\u00bb.<\/p>\n<p>La Cour constitutionnelle malienne a d\u00e9clar\u00e9 vendredi le colonel Go\u00efta pr\u00e9sident de transition du pays, parachevant le coup de force d\u00e9clench\u00e9 lundi contre ceux qui se trouvaient entre lui et la direction de ce pays en pleine tourmente, alors qu\u2019il est crucial pour la stabilit\u00e9 du Sahel face \u00e0 la propagation jihadiste.<\/p>\n<p>Dimanche, cinq personnes ont \u00e9t\u00e9 tu\u00e9es dans une attaque de jihadistes pr\u00e9sum\u00e9s contre un poste contr\u00f4le dans le sud du Mali, selon un responsable des services de s\u00e9curit\u00e9.<\/p>\n<p>Avec la nomination du colonel Go\u00efta, la Cour constitutionnelle a officialis\u00e9 un fait accompli auquel les partenaires du Mali avaient essay\u00e9 de s\u2019opposer apr\u00e8s le coup d\u2019Etat d\u2019ao\u00fbt 2020.<\/p>\n<p>Assimi Go\u00efta et un groupe de colonels avaient alors renvers\u00e9 le pr\u00e9sident Ibrahim Boubacar Ke\u00efta apr\u00e8s des mois de contestation populaire mais, sous la pression internationale, avaient accept\u00e9 la nomination d\u2019un pr\u00e9sident et d\u2019un Premier ministre civils.<\/p>\n<p>La junte avait cependant taill\u00e9 pour Assimi Go\u00efta une vice-pr\u00e9sidence sur mesure, investie des charges primordiales de la s\u00e9curit\u00e9. Les colonels avaient nomm\u00e9 les leurs aux postes cl\u00e9s.<br \/>Lundi, l\u2019ancien commandant de bataillon des forces sp\u00e9ciales a fait arr\u00eater le pr\u00e9sident et le Premier ministre, cautions civiles de la transition. La version initiale d\u2019une destitution autoritaire est devenue officiellement une d\u00e9mission.<\/p>\n<p>L\u2019engagement pris pour une transition civile est foul\u00e9 aux pieds, suscitant le doute sur les autres promesses, \u00e0 commencer par la tenue d\u2019\u00e9lections d\u00e9but 2022. La junte a dit ces derniers jours qu\u2019elle comptait respecter le calendrier, mais a ajout\u00e9 qu\u2019il pouvait \u00eatre soumis \u00e0 des al\u00e9as.<\/p>\n<p>La Cour constitutionnelle \u00e9crit que le colonel Go\u00efta pr\u00e9sidera la transition jusqu\u2019au bout.<br \/>Paris avait d\u00e9nonc\u00e9 mardi un \u00ab\u00a0coup d\u2019Etat inacceptable\u00a0\u00bb au Mali.<\/p>\n<p>Diff\u00e9rentes voix s\u2019\u00e9l\u00e8vent par ailleurs pour noter la diff\u00e9rence de traitement entre la vigueur de la r\u00e9action aux \u00e9v\u00e8nements maliens et la mansu\u00e9tude montr\u00e9e vis-\u00e0-vis d\u2019un autre pays sah\u00e9lien, le Tchad, o\u00f9 un Conseil militaire de transition (CMT) de 15 g\u00e9n\u00e9raux a pris le pouvoir le 20 avril apr\u00e8s la mort d\u2019Idriss D\u00e9by Itno, avec \u00e0 sa t\u00eate un des fils de l\u2019ancien pr\u00e9sident.<\/p>\n<p>La d\u00e9signation d\u2019Assimi Go\u00efta met les voisins et les partenaires du Mali au d\u00e9fi d\u2019une r\u00e9ponse.<br \/>La C\u00e9d\u00e9ao avait co-r\u00e9dig\u00e9 avec l\u2019Union africaine, la mission de l\u2019ONU au Mali (Minusma), la France, les Etats-Unis et d\u2019autres un communiqu\u00e9 rejetant \u00ab\u00a0par avance tout acte impos\u00e9 par la contrainte, y compris des d\u00e9missions forc\u00e9es\u00a0\u00bb.<\/p>\n<p>Une mission de la C\u00e9d\u00e9ao d\u00e9p\u00each\u00e9e au cours de la semaine au Mali a \u00e9voqu\u00e9 l\u2019\u00e9ventualit\u00e9 de sanctions. La France et les Etats-Unis, engag\u00e9s militairement au Sahel, en ont brandi la menace.<\/p>\n<p>\u00ab\u00a0La transition politique sera dirig\u00e9e par un civil\u00a0\u00bb et \u00ab\u00a0le vice-pr\u00e9sident de la transition (\u2026) ne pourra en aucune mani\u00e8re remplacer le pr\u00e9sident de la transition\u00a0\u00bb, avaient d\u00e9clar\u00e9 les dirigeants ouest-africains lors d\u2019une r\u00e9union avec la junte le 15 septembre 2020 apr\u00e8s le premier coup de force.<\/p>\n<p>La C\u00e9d\u00e9ao avait suspendu le Mali de tous ses organes de d\u00e9cision, ferm\u00e9 les fronti\u00e8res de ses Etats membres et stopp\u00e9 les \u00e9changes financiers et commerciaux avec le Mali, \u00e0 l\u2019exception des produits de premi\u00e8re n\u00e9cessit\u00e9.<\/p>\n<p>Elle avait lev\u00e9 les sanctions, mal ressenties par une population \u00e9prouv\u00e9e dans un pays exsangue, quand la junte avait paru se plier \u00e0 ses exigences.<\/p>\n<p>Auteur: M&rsquo;hammed rahal<br \/>\n<a href=\"http:\/\/albayane.press.ma\/sommet-des-dirigeants-dafrique-de-louest-a-accra.html\">Cliquez ici pour lire l&rsquo;article depuis sa source.<\/a><\/p>\n","protected":false},"excerpt":{"rendered":"<p>R\u00e9union consacr\u00e9 au Mali Une dizaine de chefs d\u2019Etat ouest-africains arrivaient dimanche matin \u00e0 Accra, la capitale du Ghana, pour trancher la question \u00e9pineuse de leur r\u00e9ponse au double putsch des militaires maliens, lors d\u2019un sommet extraordinaire. Alassane Ouattara, le pr\u00e9sident de la C\u00f4te d\u2019ivoire, Muhammadu Buhari, le pr\u00e9sident nig\u00e9rian, ou encore Marc Christian Kabore [&hellip;]<\/p>\n","protected":false},"author":1760,"featured_media":0,"comment_status":"closed","ping_status":"closed","sticky":false,"template":"","format":"standard","meta":{"fifu_image_url":"","fifu_image_alt":"","footnotes":""},"categories":[73,54],"tags":[],"class_list":["post-117683","post","type-post","status-publish","format-standard","hentry","category-actualite","category-maroc"],"_links":{"self":[{"href":"https:\/\/linitiative.ca\/International\/wp-json\/wp\/v2\/posts\/117683","targetHints":{"allow":["GET"]}}],"collection":[{"href":"https:\/\/linitiative.ca\/International\/wp-json\/wp\/v2\/posts"}],"about":[{"href":"https:\/\/linitiative.ca\/International\/wp-json\/wp\/v2\/types\/post"}],"author":[{"embeddable":true,"href":"https:\/\/linitiative.ca\/International\/wp-json\/wp\/v2\/users\/1760"}],"replies":[{"embeddable":true,"href":"https:\/\/linitiative.ca\/International\/wp-json\/wp\/v2\/comments?post=117683"}],"version-history":[{"count":0,"href":"https:\/\/linitiative.ca\/International\/wp-json\/wp\/v2\/posts\/117683\/revisions"}],"wp:attachment":[{"href":"https:\/\/linitiative.ca\/International\/wp-json\/wp\/v2\/media?parent=117683"}],"wp:term":[{"taxonomy":"category","embeddable":true,"href":"https:\/\/linitiative.ca\/International\/wp-json\/wp\/v2\/categories?post=117683"},{"taxonomy":"post_tag","embeddable":true,"href":"https:\/\/linitiative.ca\/International\/wp-json\/wp\/v2\/tags?post=117683"}],"curies":[{"name":"wp","href":"https:\/\/api.w.org\/{rel}","templated":true}]}}