{"id":117684,"date":"2021-05-30T14:00:00","date_gmt":"2021-05-30T18:00:00","guid":{"rendered":"https:\/\/linitiative.ca\/International\/le-maroc-et-le-rwanda-veulent-donner-un-nouvel-elan-a-leur-cooperation-parlementaire\/"},"modified":"2021-05-30T14:00:00","modified_gmt":"2021-05-30T18:00:00","slug":"le-maroc-et-le-rwanda-veulent-donner-un-nouvel-elan-a-leur-cooperation-parlementaire","status":"publish","type":"post","link":"https:\/\/linitiative.ca\/International\/le-maroc-et-le-rwanda-veulent-donner-un-nouvel-elan-a-leur-cooperation-parlementaire\/","title":{"rendered":"Le Maroc et le Rwanda veulent donner un nouvel \u00e9lan \u00e0 leur coop\u00e9ration parlementaire"},"content":{"rendered":"<p class=\"has-text-color c1\"><strong>Le Maroc et Rwanda ont exprim\u00e9 leur volont\u00e9 de donner un nouvel \u00e9lan \u00e0 leur coop\u00e9ration dans le domaine parlementaire en soutenant les m\u00e9canismes de dialogue et de concertation entre les deux institutions l\u00e9gislatives.<\/strong><\/p>\n<p>Cette volont\u00e9 a \u00e9t\u00e9 exprim\u00e9e lors des entretiens qu\u2019a eus M. Mohamed Touimi Benjelloun, vice-pr\u00e9sident de la Chambre des Repr\u00e9sentants avec la Pr\u00e9sidente de la Chambre des Repr\u00e9sentants du Rwanda, Mme Donatille Mukabalisa et Esp\u00e9rance Nyirasafari, vice-pr\u00e9sidente du S\u00e9nat du Rwanda, en marge de la 12\u00e8me Conf\u00e9rence des Pr\u00e9sidents d\u2019Assembl\u00e9es et de Sections de la R\u00e9gion Afrique de l\u2019Assembl\u00e9e Parlementaire de la Francophonie (APF), qui a tenu ses travaux du 25 au 28 mai \u00e0 Kigali.<\/p>\n<p>Lors de sa premi\u00e8re rencontre avec Mme Mukabalisa, M. Touimi Benjelloun a r\u00e9it\u00e9r\u00e9 la volont\u00e9 de la Chambre des repr\u00e9sentants \u00e0 donner un nouvel \u00e9lan \u00e0 la coop\u00e9ration parlementaire entre les deux pays en soutenant les m\u00e9canismes de dialogue et de concertation entre les deux institutions l\u00e9gislatives, \u00e0 travers la signature d\u2019un m\u00e9morandum d\u2019entente et la cr\u00e9ation d\u2019un groupe d\u2019amiti\u00e9 parlementaire maroco-rwandais, dans le but d\u2019\u00e9tablir un partenariat solide, gr\u00e2ce \u00e0 l\u2019\u00e9change d\u2019exp\u00e9riences et le partage d\u2019expertises et l\u2019intensification de la coordination et de la consultation dans divers forums parlementaires r\u00e9gionaux et internationaux sur des questions d\u2019int\u00e9r\u00eat commun.<\/p>\n<p>M. Touimi a saisi cette occasion pour saluer le niveau des relations d\u2019amiti\u00e9 et de coop\u00e9ration entre le Maroc et Rwanda, qui avait connu une dynamique particuli\u00e8re, apr\u00e8s la visite de SM le Roi Mohammed VI au Rwanda en octobre 2016, ainsi que la visite du Pr\u00e9sident rwandais, M. Paul Kagame, au Maroc en juin de la m\u00eame ann\u00e9e, qui ont permis d\u2019ouvrir des horizons prometteurs devant le partenariat entre les deux pays et rehausser le niveau des relations bilat\u00e9rales dans tous les domaines, d\u2019autant plus que les dirigeants des deux pays partagent la m\u00eame vision ambitieuse du d\u00e9veloppement de l\u2019Afrique et du renforcement de la coop\u00e9ration Sud-Sud.<\/p>\n<p>Il a \u00e9galement salu\u00e9 la transformation d\u00e9mocratique au Rwanda et soulign\u00e9 le r\u00f4le distingu\u00e9 et efficace de ce pays ami aux niveaux r\u00e9gional et continental dans la r\u00e9alisation de l\u2019int\u00e9gration africaine et son adh\u00e9sion \u00e0 la s\u00e9curit\u00e9, \u00e0 la paix et \u00e0 la stabilit\u00e9 en Afrique.<\/p>\n<p>Il a \u00e9galement mis en \u00e9vidence la pr\u00e9sence distingu\u00e9e des femmes rwandaises au Parlement ainsi que le r\u00f4le pionnier qu\u2019elles jouent dans la soci\u00e9t\u00e9 et aux postes de d\u00e9cision.<\/p>\n<p>Le vice-pr\u00e9sident de la Chambre des repr\u00e9sentants s\u2019est f\u00e9licit\u00e9 de la position de la R\u00e9publique du Rwanda en faveur du retour du Royaume du Maroc \u00e0 sa place naturelle et l\u00e9gale au sein de l\u2019Union africaine, en soulignant que les liens du Royaume avec le continent africain d\u00e9coulent de sa profonde conviction en l\u2019avenir de l\u2019Afrique.<\/p>\n<p>Le Maroc n\u2019a eu de cesse de plaider dans les foras internationaux en faveur des causes nobles et justes du continent africain face aux conflits, au terrorisme, \u00e0 l\u2019extr\u00e9misme et \u00e0 toutes sortes de menaces, a-t-il rappel\u00e9. Concernant la question du Sahara marocain, M. Touimi Benjelloun s\u2019est f\u00e9licit\u00e9 de la position de la R\u00e9publique du Rwanda concernant l\u2019int\u00e9grit\u00e9 territoriale du Maroc et la souverainet\u00e9 du Royaume sur l\u2019ensemble de ses territoires.<\/p>\n<p>Pour sa part, la Pr\u00e9sidente de la chambre des Repr\u00e9sentants a mis en relief l\u2019importance de la volont\u00e9 politique et de l\u2019identit\u00e9 de vues des dirigeants des deux pays, SM le Roi Mohammed VI et le Pr\u00e9sident Paul Kagame, concernant le d\u00e9veloppement dans toutes ses manifestations au niveau des deux pays, et la mise en place d\u2019un partenariat strat\u00e9gique renouvel\u00e9 et exemplaire, sud-sud, qui r\u00e9pond aux aspirations des deux pays et des deux peuples amis.<\/p>\n<p>Mme Mukabalisa a soulign\u00e9 l\u2019importance de la coop\u00e9ration parlementaire entre les deux institutions l\u00e9gislatives et son r\u00f4le dans le renforcement des relations entre les deux pays, mettant l\u2019accent sur la n\u00e9cessit\u00e9 de la formation d\u2019un groupe d\u2019amiti\u00e9 parlementaire maroco-rwandais.<\/p>\n<p>Elle a invit\u00e9, dans ce contexte, le Pr\u00e9sident de la Chambre des repr\u00e9sentants \u00e0 effectuer une visite de travail au Rwanda pour finaliser la signature d\u2019un m\u00e9morandum d\u2019entente entre les deux institutions l\u00e9gislatives.<\/p>\n<p>Par ailleurs, les discussions de M. Touimi avec la vise-pr\u00e9sidente du s\u00e9nat rwandais ont port\u00e9 sur les moyens de consolider davantage les relations entre les deux institutions l\u00e9gislatives, \u00e0 travers le renforcement de la coordination et de la coop\u00e9ration.<\/p>\n<p>Ces r\u00e9unions se sont d\u00e9roul\u00e9es en pr\u00e9sence de l\u2019Ambassadeur du Maroc \u00e0 Kigali, M. Youssef Imani.<\/p>\n<p>A rappeler que M. Touimi Ben Jelloun a repr\u00e9sent\u00e9 le Maroc \u00e0 la 12\u00e8me Conf\u00e9rence des Pr\u00e9sidents d\u2019Assembl\u00e9es et de Sections de la R\u00e9gion Afrique de l\u2019Assembl\u00e9e Parlementaire de la Francophonie, \u00e0 laquelle ont pris part pr\u00e8s de 90 participants, dont les Pr\u00e9sidents d\u2019Assembl\u00e9es parlementaires et des membres des parlements.<\/p>\n<p>Cette conf\u00e9rence qui intervient dans un contexte international marqu\u00e9 par la riposte \u00e0 la pand\u00e9mie Covid-19, s\u2019est pench\u00e9 sur plusieurs questions li\u00e9es principalement aux situations politiques, sociales et sanitaires dans les pays de l\u2019espace francophone africain, outre un point sur le Comit\u00e9 interparlementaire G5 Sahel (CIPG5 Sahel).<\/p>\n<p>Auteur: M&rsquo;hammed rahal<br \/>\n<a href=\"http:\/\/albayane.press.ma\/le-maroc-et-le-rwanda-veulent-donner-un-nouvel-elan-a-leur-cooperation-parlementaire.html\">Cliquez ici pour lire l&rsquo;article depuis sa source.<\/a><\/p>\n","protected":false},"excerpt":{"rendered":"<p>Le Maroc et Rwanda ont exprim\u00e9 leur volont\u00e9 de donner un nouvel \u00e9lan \u00e0 leur coop\u00e9ration dans le domaine parlementaire en soutenant les m\u00e9canismes de dialogue et de concertation entre les deux institutions l\u00e9gislatives. Cette volont\u00e9 a \u00e9t\u00e9 exprim\u00e9e lors des entretiens qu\u2019a eus M. Mohamed Touimi Benjelloun, vice-pr\u00e9sident de la Chambre des Repr\u00e9sentants avec [&hellip;]<\/p>\n","protected":false},"author":1760,"featured_media":0,"comment_status":"closed","ping_status":"closed","sticky":false,"template":"","format":"standard","meta":{"fifu_image_url":"","fifu_image_alt":"","footnotes":""},"categories":[73,54],"tags":[],"class_list":["post-117684","post","type-post","status-publish","format-standard","hentry","category-actualite","category-maroc"],"_links":{"self":[{"href":"https:\/\/linitiative.ca\/International\/wp-json\/wp\/v2\/posts\/117684","targetHints":{"allow":["GET"]}}],"collection":[{"href":"https:\/\/linitiative.ca\/International\/wp-json\/wp\/v2\/posts"}],"about":[{"href":"https:\/\/linitiative.ca\/International\/wp-json\/wp\/v2\/types\/post"}],"author":[{"embeddable":true,"href":"https:\/\/linitiative.ca\/International\/wp-json\/wp\/v2\/users\/1760"}],"replies":[{"embeddable":true,"href":"https:\/\/linitiative.ca\/International\/wp-json\/wp\/v2\/comments?post=117684"}],"version-history":[{"count":0,"href":"https:\/\/linitiative.ca\/International\/wp-json\/wp\/v2\/posts\/117684\/revisions"}],"wp:attachment":[{"href":"https:\/\/linitiative.ca\/International\/wp-json\/wp\/v2\/media?parent=117684"}],"wp:term":[{"taxonomy":"category","embeddable":true,"href":"https:\/\/linitiative.ca\/International\/wp-json\/wp\/v2\/categories?post=117684"},{"taxonomy":"post_tag","embeddable":true,"href":"https:\/\/linitiative.ca\/International\/wp-json\/wp\/v2\/tags?post=117684"}],"curies":[{"name":"wp","href":"https:\/\/api.w.org\/{rel}","templated":true}]}}