{"id":117685,"date":"2021-05-30T14:00:00","date_gmt":"2021-05-30T18:00:00","guid":{"rendered":"https:\/\/linitiative.ca\/International\/auduiovisuel-la-haca-tacle-hit-radio\/"},"modified":"2021-05-30T14:00:00","modified_gmt":"2021-05-30T18:00:00","slug":"auduiovisuel-la-haca-tacle-hit-radio","status":"publish","type":"post","link":"https:\/\/linitiative.ca\/International\/auduiovisuel-la-haca-tacle-hit-radio\/","title":{"rendered":"Auduiovisuel: La HACA tacle Hit Radio"},"content":{"rendered":"<p class=\"has-text-color c1\"><strong>Sans statuer, ni prendre position sur les faits au c\u0153ur du diff\u00e9rend m\u00e9diatis\u00e9 entre Mme Najat Kheirallah et M. Tarik El Boukhari et examinant, dans le cadre de son mandat, les propos tenus lors de l\u2019\u00e9dition du 26 avril 2021 de l\u2019\u00e9mission Momo Ramadan Show, le Conseil Sup\u00e9rieur de la Communication Audiovisuelle a consid\u00e9r\u00e9, lors de sa r\u00e9union du 27 mai 2021, que certains propos tenus par un intervenant dans l\u2019\u00e9mission consacrent une repr\u00e9sentation inf\u00e9riorisante, discriminatoire et p\u00e9jorative de la femme.<\/strong><\/p>\n<p>Le conseil Sup\u00e9rieur a \u00e9galement consid\u00e9r\u00e9 que l\u2019assertion malveillante de l\u2019intervenant sur la sant\u00e9 psychologique d\u2019une personne identifi\u00e9e \u00e0 l\u2019antenne par son nom constitue une atteinte \u00e0 sa vie priv\u00e9e.<\/p>\n<p>Le Conseil Sup\u00e9rieur a consid\u00e9r\u00e9, par ailleurs, que la r\u00e9action de l\u2019animateur \u00e0 de tels propos n\u2019a pas \u00e9t\u00e9 suffisamment explicite et ferme pour remettre en question, \u00e0 l\u2019attention des auditeurs, les st\u00e9r\u00e9otypes sexistes contenus dans les propos de l\u2019intervenant. Cette r\u00e9action n\u2019a, de ce fait, pas \u00e9t\u00e9 suffisante pour satisfaire \u00e0 l\u2019exigence de ma\u00eetrise d\u2019antenne et \u00e0 l\u2019obligation de veille au s\u00e9rieux et \u00e0 la rigueur de la prise de parole par les invit\u00e9s et le public \u00e0 l\u2019antenne, ajoute la m\u00eame source.<\/p>\n<p>Par cons\u00e9quent, le Conseil Sup\u00e9rieur a d\u00e9cid\u00e9 d\u2019adresser un avertissement \u00e0 la soci\u00e9t\u00e9 Hit Radio Maroc pour avoir enfreint les dispositions l\u00e9gales et celles du cahier des charges du service radiophonique Hit Radio, relatives \u00e0 : la lutte contre les images st\u00e9r\u00e9otyp\u00e9es portant atteinte \u00e0 la dignit\u00e9 de la femme, la protection et le respect de la vie priv\u00e9e, la ma\u00eetrise d\u2019antenne\u00bb.<\/p>\n<p>Ordonne la notification de la pr\u00e9sente d\u00e9cision \u00e0 la soci\u00e9t\u00e9 Hit Radio Maroc et sa publication au Bulletin Officiel.<\/p>\n<p>Auteur: M&rsquo;hammed rahal<br \/>\n<a href=\"http:\/\/albayane.press.ma\/auduiovisuel-la-haca-tacle-hit-radio.html\">Cliquez ici pour lire l&rsquo;article depuis sa source.<\/a><\/p>\n","protected":false},"excerpt":{"rendered":"<p>Sans statuer, ni prendre position sur les faits au c\u0153ur du diff\u00e9rend m\u00e9diatis\u00e9 entre Mme Najat Kheirallah et M. Tarik El Boukhari et examinant, dans le cadre de son mandat, les propos tenus lors de l\u2019\u00e9dition du 26 avril 2021 de l\u2019\u00e9mission Momo Ramadan Show, le Conseil Sup\u00e9rieur de la Communication Audiovisuelle a consid\u00e9r\u00e9, lors [&hellip;]<\/p>\n","protected":false},"author":1760,"featured_media":0,"comment_status":"closed","ping_status":"closed","sticky":false,"template":"","format":"standard","meta":{"fifu_image_url":"","fifu_image_alt":"","footnotes":""},"categories":[73,54],"tags":[],"class_list":["post-117685","post","type-post","status-publish","format-standard","hentry","category-actualite","category-maroc"],"_links":{"self":[{"href":"https:\/\/linitiative.ca\/International\/wp-json\/wp\/v2\/posts\/117685","targetHints":{"allow":["GET"]}}],"collection":[{"href":"https:\/\/linitiative.ca\/International\/wp-json\/wp\/v2\/posts"}],"about":[{"href":"https:\/\/linitiative.ca\/International\/wp-json\/wp\/v2\/types\/post"}],"author":[{"embeddable":true,"href":"https:\/\/linitiative.ca\/International\/wp-json\/wp\/v2\/users\/1760"}],"replies":[{"embeddable":true,"href":"https:\/\/linitiative.ca\/International\/wp-json\/wp\/v2\/comments?post=117685"}],"version-history":[{"count":0,"href":"https:\/\/linitiative.ca\/International\/wp-json\/wp\/v2\/posts\/117685\/revisions"}],"wp:attachment":[{"href":"https:\/\/linitiative.ca\/International\/wp-json\/wp\/v2\/media?parent=117685"}],"wp:term":[{"taxonomy":"category","embeddable":true,"href":"https:\/\/linitiative.ca\/International\/wp-json\/wp\/v2\/categories?post=117685"},{"taxonomy":"post_tag","embeddable":true,"href":"https:\/\/linitiative.ca\/International\/wp-json\/wp\/v2\/tags?post=117685"}],"curies":[{"name":"wp","href":"https:\/\/api.w.org\/{rel}","templated":true}]}}