{"id":117686,"date":"2021-05-31T12:34:25","date_gmt":"2021-05-31T16:34:25","guid":{"rendered":"https:\/\/linitiative.ca\/International\/la-diaspora-tunisienne-au-coeur-du-developpement-socio-economique-du-pays\/"},"modified":"2021-05-31T12:34:25","modified_gmt":"2021-05-31T16:34:25","slug":"la-diaspora-tunisienne-au-coeur-du-developpement-socio-economique-du-pays","status":"publish","type":"post","link":"https:\/\/linitiative.ca\/International\/la-diaspora-tunisienne-au-coeur-du-developpement-socio-economique-du-pays\/","title":{"rendered":"La diaspora Tunisienne au c\u0153ur du d\u00e9veloppement socio-\u00e9conomique du pays"},"content":{"rendered":"<p>L\u2019\u00e9valuation de la contribution r\u00e9elle de la diaspora au niveau des transferts financiers, des recettes fiscales et douani\u00e8res, de la consommation et de l\u2019investissement, tel a \u00e9t\u00e9 le sujet de la rencontre organis\u00e9e autour du th\u00e8me \u00ab\u00a0United Diaspora, la force cach\u00e9e\u00a0\u00bb, Jeudi 27 Mai 2021 \u00e0 l\u2019h\u00f4tel M\u00f6venpick Hotel du lac-Tunis.<\/p>\n<p>\u00c9taient pr\u00e9sents lors de cet \u00e9v\u00e8nement, le gouverneur de la Banque Centrale M. Marouene ABASSI, M. Omar BOUZOUADA directeur g\u00e9n\u00e9ral de l\u2019Agence de Promotion de l\u2019Industrie et de l\u2019Innovation (APII), ainsi que l\u2019ambassadeur de l\u2019Union Europ\u00e9enne en Tunisie, M. Marcus Cornaro et l\u2019ambassadeur de la r\u00e9publique f\u00e9d\u00e9rale de l\u2019Allemagne M. Peter Pr\u00fcgel<\/p>\n<p>Initi\u00e9 par la Deutsche Gesellschaft f\u00fcr Internationale\u00a0 Zusammenarbeit <strong>(GIZ)<\/strong> GmbH dans le cadre du projet \u00ab\u00a0<strong>D\u00e9veloppement des opportunit\u00e9s d\u2019emploi et d\u2019investissement \u00e0 travers la mobilisation de la Diaspora\/ Progr\u00e8s Migration EUTF\u00a0\u00bb<\/strong> et conduite par le bureau de conseil Deloitte, l\u2019\u00e9tude vise \u00e0 quantifier l\u2019impact \u00e9conomique r\u00e9el des Tunisiens r\u00e9sidents \u00e0 l\u2019\u00e9tranger sur l\u2019\u00e9conomie Tunisienne et \u00e0 \u00e9laborer des recommandations destin\u00e9es \u00e0 mieux mobiliser la diaspora et \u00e0 perfectionner les m\u00e9canismes mis \u00e0 sa disposition.<\/p>\n<p>Ce projet est co-financ\u00e9 par l\u2019Union Europ\u00e9enne et le Minist\u00e8re F\u00e9d\u00e9ral Allemand de la Coop\u00e9ration \u00c9conomique et du D\u00e9veloppement (BMZ) et mis en \u0153uvre par la Deutsche Gesellschaft f\u00fcr Internationale Zusammenarbeit (GIZ) GmbH en partenariat avec le Minist\u00e8re de l\u2019Industrie et des PME, en collaboration avec l\u2019Agence de la Promotion de l\u2019Industrie et de l\u2019Innovation (APII) en tant que chef de file.<\/p>\n<p>Les conclusions de cette \u00c9tude ont \u00e9t\u00e9 formul\u00e9es sous forme de recommandations strat\u00e9giques qui serviront \u00e0 institutionnaliser les indicateurs et \u00e0 permettre l\u2019\u00e9valuation de la contribution de la diaspora \u00e0 l\u2019\u00e9conomie tunisienne. Elles d\u00e9finiront ainsi des mesures structurantes susceptibles de d\u00e9velopper et d\u2019am\u00e9liorer ces contributions \u00e0 travers la cr\u00e9ation de leviers d\u2019engagements et la mise en place d\u2019une strat\u00e9gie claire dans ce domaine tout en redonnant \u00e0 la diaspora la reconnaissance qu\u2019elle m\u00e9rite au vu des efforts consentis ainsi que ses apports consid\u00e9rables au pays.<\/p>\n<p>Les 4 axes majeurs de l\u2019\u00e9tude englobent la <strong><em>strat\u00e9gie<\/em><\/strong> et le d\u00e9veloppement visant \u00e0 structurer la relation entre la Tunisie et sa diaspora. La <strong><em>gouvernance<\/em><\/strong>, par la mise en place d\u2019un plan r\u00e9pondant aux besoins de la diaspora et favorisant la proximit\u00e9 de cette derni\u00e8re avec les institutions tunisiennes. Un <strong><em>accompagnement<\/em><\/strong> et un <strong><em>soutien<\/em><\/strong> qui se traduisent par la mise en \u0153uvre de projets et d\u2019outils d\u2019accompagnement r\u00e9pondant aux besoins et aux challenges de la diaspora.\u00a0L\u2019<strong><em>incitation<\/em><\/strong> financi\u00e8re et fiscale qui favorisera les investissements et la consommation de la diaspora autour des secteurs et produits cl\u00e9s.<\/p>\n<p><strong><em>L\u2019\u00e9laboration d\u2019une strat\u00e9gie relationnelle\u00a0:<\/em><\/strong><\/p>\n<p>L\u2019\u00c9tude a permis de mettre la lumi\u00e8re sur de nombreuses d\u00e9faillances dans le domaine notamment en mati\u00e8re de communication et de mobilisation la population diasporique \u00e0 travers le monde. Un manque de donn\u00e9es structur\u00e9es, de conscience strat\u00e9gique des enjeux li\u00e9s par exemple au soft power ou \u00e0 la mobilisation des comp\u00e9tences.<\/p>\n<p>Une strat\u00e9gie claire sera capable de consolider le capital confiance de la Tunisie avec sa diaspora \u00e0 travers une relation directe, continue et surtout Win\/Win.<\/p>\n<p><strong><em>Optimisation de la gouvernance\u00a0:<\/em><\/strong><\/p>\n<p>Une absence de consensus politique et de leadership institutionnel a \u00e9t\u00e9 d\u00e9cel\u00e9e autour des actions \u00e0 mener vis-\u00e0-vis de la diaspora, ajout\u00e9 \u00e0 cela, des d\u00e9calages relationnels et techniques entre les institutions en charge des TRE, de leurs investissements et de leurs apports.<\/p>\n<p>Des d\u00e9calages sur lesquels la Tunisie devra travailler en favorisant par exemple la coordination interminist\u00e9rielle sur les sujets strat\u00e9giques impliquant la diaspora mais aussi en tirant un meilleur profit des associations de la diaspora par une meilleure int\u00e9gration au sein des institutions (consulats, ambassades) et dispositifs publics. Organiser la mont\u00e9e en comp\u00e9tences sur les sujets \u00e9conomiques des institutions en lien avec les TRE.<\/p>\n<p><strong><em>Accompagnement et appui de l\u2019\u00c9tat<br \/><\/em><\/strong><\/p>\n<p>Un important constat sur l\u2019inexistence de programmes et de projets concernant les contraintes techniques des institutions en contact avec la diaspora.\u00a0 Parmi les recommandations propos\u00e9es, la digitalisation des services destin\u00e9s \u00e0 la diaspora tels que les services consulaires avec signature \u00e9lectronique, paiement digital\u2026<\/p>\n<p><strong><em>Incitation financi\u00e8re et fiscale<br \/><\/em><\/strong><\/p>\n<p>Un bilan mitig\u00e9 quant aux dispositifs d\u00e9di\u00e9s \u00e0 la promotion des investissements de la diaspora, des lourdeurs l\u00e9gislatives d\u00e9courageant les investissements. D\u2019o\u00f9 l\u2019importance de mettre en place un \u00ab diaspora mobilisation act \u00bb.<\/p>\n<p>Rappelons que le nombre de tunisiens \u00e0 l\u2019\u00e9tranger est d\u2019environ 1.4 millions de personnes r\u00e9parties sur 90 pays \u00e0 travers le monde c\u2019est dire de la force socio-\u00e9conomique que repr\u00e9sentent les TRE.<\/p>\n<div class=\"wp-post-author-wrap wp-post-author-shortcode left\">\n<h3 class=\"awpa-title\"\/>\n<div class=\"wp-post-author\">\n<div class=\"awpa-img awpa-author-block square\"><a href=\"http:\/\/lexpertjournal.net\/fr\/?author=5\"><img loading=\"lazy\" decoding=\"async\" alt=\"\" src=\"http:\/\/0.gravatar.com\/avatar\/97f8e10a1c1125ba104a76514ee07b16?s=150&amp;d=mm&amp;r=g\" srcset=\"http:\/\/0.gravatar.com\/avatar\/97f8e10a1c1125ba104a76514ee07b16?s=300&amp;d=mm&amp;r=g 2x\" class=\"avatar avatar-150 photo\" height=\"150\" width=\"150\"\/><\/a><\/div>\n<\/div>\n<\/div>\n<aside class=\"mashsb-container mashsb-main mashsb-stretched\">\n<\/aside>\n<p>Auteur: L&rsquo;expert<br \/>\n<a href=\"http:\/\/lexpertjournal.net\/fr\/?p=20193\">Cliquez ici pour lire l&rsquo;article depuis sa source.<\/a><\/p>\n","protected":false},"excerpt":{"rendered":"<p>L\u2019\u00e9valuation de la contribution r\u00e9elle de la diaspora au niveau des transferts financiers, des recettes fiscales et douani\u00e8res, de la consommation et de l\u2019investissement, tel a \u00e9t\u00e9 le sujet de la rencontre organis\u00e9e autour du th\u00e8me \u00ab\u00a0United Diaspora, la force cach\u00e9e\u00a0\u00bb, Jeudi 27 Mai 2021 \u00e0 l\u2019h\u00f4tel M\u00f6venpick Hotel du lac-Tunis. \u00c9taient pr\u00e9sents lors de [&hellip;]<\/p>\n","protected":false},"author":1775,"featured_media":0,"comment_status":"closed","ping_status":"closed","sticky":false,"template":"","format":"standard","meta":{"fifu_image_url":"http:\/\/0.gravatar.com\/avatar\/97f8e10a1c1125ba104a76514ee07b16?s=150&d=mm&r=g","fifu_image_alt":"La diaspora Tunisienne au c\u0153ur du d\u00e9veloppement socio-\u00e9conomique du pays","footnotes":""},"categories":[78,55],"tags":[],"class_list":["post-117686","post","type-post","status-publish","format-standard","hentry","category-economie","category-tunisie"],"_links":{"self":[{"href":"https:\/\/linitiative.ca\/International\/wp-json\/wp\/v2\/posts\/117686","targetHints":{"allow":["GET"]}}],"collection":[{"href":"https:\/\/linitiative.ca\/International\/wp-json\/wp\/v2\/posts"}],"about":[{"href":"https:\/\/linitiative.ca\/International\/wp-json\/wp\/v2\/types\/post"}],"author":[{"embeddable":true,"href":"https:\/\/linitiative.ca\/International\/wp-json\/wp\/v2\/users\/1775"}],"replies":[{"embeddable":true,"href":"https:\/\/linitiative.ca\/International\/wp-json\/wp\/v2\/comments?post=117686"}],"version-history":[{"count":0,"href":"https:\/\/linitiative.ca\/International\/wp-json\/wp\/v2\/posts\/117686\/revisions"}],"wp:attachment":[{"href":"https:\/\/linitiative.ca\/International\/wp-json\/wp\/v2\/media?parent=117686"}],"wp:term":[{"taxonomy":"category","embeddable":true,"href":"https:\/\/linitiative.ca\/International\/wp-json\/wp\/v2\/categories?post=117686"},{"taxonomy":"post_tag","embeddable":true,"href":"https:\/\/linitiative.ca\/International\/wp-json\/wp\/v2\/tags?post=117686"}],"curies":[{"name":"wp","href":"https:\/\/api.w.org\/{rel}","templated":true}]}}