{"id":117687,"date":"2021-05-31T05:30:00","date_gmt":"2021-05-31T09:30:00","guid":{"rendered":"https:\/\/linitiative.ca\/International\/annulation-de-plusieurs-meetings-par-manque-de-public\/"},"modified":"2021-05-31T05:30:00","modified_gmt":"2021-05-31T09:30:00","slug":"annulation-de-plusieurs-meetings-par-manque-de-public","status":"publish","type":"post","link":"https:\/\/linitiative.ca\/International\/annulation-de-plusieurs-meetings-par-manque-de-public\/","title":{"rendered":"Annulation de plusieurs meetings par manque de public"},"content":{"rendered":"<div id=\"originalText\" readability=\"52\">\n<p>\u25a0 Que faut-il retenir des dix premiers jours de la campagne \u00e9lectorale pour les l\u00e9gislatives du 12 juin \u00e0 Bordj Bou-Arr\u00e9ridj ? Meetings sans public, ou annul\u00e9s pour absence de public, appels\u00a0 au boycott, un lourd\u00a0 climat\u00a0 avec des discours r\u00e9chauff\u00e9s&#8230;<\/p>\n<p>M\u00eame\u00a0 si\u00a0 les\u00a0 candidats\u00a0 choisissent\u00a0 les\u00a0 petites\u00a0 salles\u00a0 et\u00a0 respectent\u00a0 la distanciation\u00a0 sociale\u00a0 (uniquement\u00a0 ici), les\u00a0 si\u00e8ges\u00a0 sont\u00a0 presque\u00a0 vides. Certains\u00a0 annulent\u00a0 carr\u00e9ment\u00a0 le\u00a0 meeting\u00a0 et\u00a0 n\u2019exploitent\u00a0 pas\u00a0 la\u00a0 salle\u00a0 r\u00e9serv\u00e9e auparavant par l\u2019Anie.<\/p>\n<p>\u201cCette fois-ci, le public s\u2019est\u00a0 manifest\u00e9 en ignorant\u00a0 les\u00a0 candidats\u201d, pr\u00e9cise un jeune\u00a0 \u00a0avocat,\u00a0 qui\u00a0 ajoute\u00a0 que\u00a0 si\u00a0 \u00a0les\u00a0 sorties\u00a0 et\u00a0 \u00a0les\u00a0 meetings\u00a0 des candidats\u00a0 sont\u00a0 \u00a0boycott\u00e9s,\u00a0 leurs\u00a0 actions\u00a0 \u00a0et\u00a0 \u00a0les\u00a0 affichages\u00a0 \u00a0sont\u00a0 \u00a0r\u00e9guli\u00e8rement\u00a0 tourn\u00e9s\u00a0 \u00a0en d\u00e9rision sur les r\u00e9seaux sociaux.<\/p>\n<\/div>\n<div id=\"text_core\" readability=\"52\">\n<p>\u25a0 Que faut-il retenir des dix premiers jours de la campagne \u00e9lectorale pour les l\u00e9gislatives du 12 juin \u00e0 Bordj Bou-Arr\u00e9ridj ? Meetings sans public, ou annul\u00e9s pour absence de public, appels\u00a0 au boycott, un lourd\u00a0 climat\u00a0 avec des discours r\u00e9chauff\u00e9s&#8230;<\/p>\n<p>M\u00eame\u00a0 si\u00a0 les\u00a0 candidats\u00a0 choisissent\u00a0 les\u00a0 petites\u00a0 salles\u00a0 et\u00a0 respectent\u00a0 la distanciation\u00a0 sociale\u00a0 (uniquement\u00a0 ici), les\u00a0 si\u00e8ges\u00a0 sont\u00a0 presque\u00a0 vides. Certains\u00a0 annulent\u00a0 carr\u00e9ment\u00a0 le\u00a0 meeting\u00a0 et\u00a0 n\u2019exploitent\u00a0 pas\u00a0 la\u00a0 salle\u00a0 r\u00e9serv\u00e9e auparavant par l\u2019Anie.<\/p>\n<p>\u201cCette fois-ci, le public s\u2019est\u00a0 manifest\u00e9 en ignorant\u00a0 les\u00a0 candidats\u201d, pr\u00e9cise un jeune\u00a0 \u00a0avocat,\u00a0 qui\u00a0 ajoute\u00a0 que\u00a0 si\u00a0 \u00a0les\u00a0 sorties\u00a0 et\u00a0 \u00a0les\u00a0 meetings\u00a0 des candidats\u00a0 sont\u00a0 \u00a0boycott\u00e9s,\u00a0 leurs\u00a0 actions\u00a0 \u00a0et\u00a0 \u00a0les\u00a0 affichages\u00a0 \u00a0sont\u00a0 \u00a0r\u00e9guli\u00e8rement\u00a0 tourn\u00e9s\u00a0 \u00a0en d\u00e9rision sur les r\u00e9seaux sociaux.<\/p>\n<\/div>\n<p>Auteur:<br \/>\n<a href=\"https:\/\/www.liberte-algerie.com\/radar\/annulation-de-plusieurs-meetings-par-manque-de-public-359547\">Cliquez ici pour lire l&rsquo;article depuis sa source.<\/a><\/p>\n","protected":false},"excerpt":{"rendered":"<p>\u25a0 Que faut-il retenir des dix premiers jours de la campagne \u00e9lectorale pour les l\u00e9gislatives du 12 juin \u00e0 Bordj Bou-Arr\u00e9ridj ? Meetings sans public, ou annul\u00e9s pour absence de public, appels\u00a0 au boycott, un lourd\u00a0 climat\u00a0 avec des discours r\u00e9chauff\u00e9s&#8230; M\u00eame\u00a0 si\u00a0 les\u00a0 candidats\u00a0 choisissent\u00a0 les\u00a0 petites\u00a0 salles\u00a0 et\u00a0 respectent\u00a0 la distanciation\u00a0 sociale\u00a0 (uniquement\u00a0 [&hellip;]<\/p>\n","protected":false},"author":1742,"featured_media":0,"comment_status":"closed","ping_status":"closed","sticky":false,"template":"","format":"standard","meta":{"fifu_image_url":"","fifu_image_alt":"","footnotes":""},"categories":[73,53],"tags":[],"class_list":["post-117687","post","type-post","status-publish","format-standard","hentry","category-actualite","category-algerie"],"_links":{"self":[{"href":"https:\/\/linitiative.ca\/International\/wp-json\/wp\/v2\/posts\/117687","targetHints":{"allow":["GET"]}}],"collection":[{"href":"https:\/\/linitiative.ca\/International\/wp-json\/wp\/v2\/posts"}],"about":[{"href":"https:\/\/linitiative.ca\/International\/wp-json\/wp\/v2\/types\/post"}],"author":[{"embeddable":true,"href":"https:\/\/linitiative.ca\/International\/wp-json\/wp\/v2\/users\/1742"}],"replies":[{"embeddable":true,"href":"https:\/\/linitiative.ca\/International\/wp-json\/wp\/v2\/comments?post=117687"}],"version-history":[{"count":0,"href":"https:\/\/linitiative.ca\/International\/wp-json\/wp\/v2\/posts\/117687\/revisions"}],"wp:attachment":[{"href":"https:\/\/linitiative.ca\/International\/wp-json\/wp\/v2\/media?parent=117687"}],"wp:term":[{"taxonomy":"category","embeddable":true,"href":"https:\/\/linitiative.ca\/International\/wp-json\/wp\/v2\/categories?post=117687"},{"taxonomy":"post_tag","embeddable":true,"href":"https:\/\/linitiative.ca\/International\/wp-json\/wp\/v2\/tags?post=117687"}],"curies":[{"name":"wp","href":"https:\/\/api.w.org\/{rel}","templated":true}]}}