{"id":117688,"date":"2021-05-31T05:30:00","date_gmt":"2021-05-31T09:30:00","guid":{"rendered":"https:\/\/linitiative.ca\/International\/le-coordinateur-elu-remplace-par-un-coordinateur-designe\/"},"modified":"2021-05-31T05:30:00","modified_gmt":"2021-05-31T09:30:00","slug":"le-coordinateur-elu-remplace-par-un-coordinateur-designe","status":"publish","type":"post","link":"https:\/\/linitiative.ca\/International\/le-coordinateur-elu-remplace-par-un-coordinateur-designe\/","title":{"rendered":"Le coordinateur \u00e9lu remplac\u00e9 par un coordinateur d\u00e9sign\u00e9"},"content":{"rendered":"<div id=\"originalText\" readability=\"54\">\n<p>\u25a0 Le respect des voix d\u00e9mocratiques n e constitue\u00a0 visiblement\u00a0 pas\u00a0 plus\u00a0 qu\u2019une \u00e9tranget\u00e9 au sein de la corporation des notaires. Pour\u00a0 cause, l es\u00a0 notaires\u00a0 de\u00a0 Tizi Ouzou,\u00a0 explique\u00a0 l\u2019un\u00a0 d\u2019eux,\u00a0 ont\u00a0 \u00e9lu r\u00e9cemment, \u00e0 une majorit\u00e9 \u00e9crasante, leur coordinateur de wilaya, mais, \u00e0 leur\u00a0 grande surprise, consid\u00e8re-t-il, \u201ccontre toute logique d\u00e9mocratique\u201d, ils n\u2019ont\u00a0 pas tard\u00e9\u00a0 \u00e0\u00a0 se\u00a0 retrouver\u00a0 avec\u00a0 un\u00a0 autre repr\u00e9sentant, un coordinateur d\u00e9sign\u00e9 \u00e0 partir d\u2019Alger.<\/p>\n<p>Cette\u00a0 d\u00e9signation n\u2019a\u00a0 m\u00eame\u00a0 pas\u00a0 \u00e9t\u00e9\u00a0 motiv\u00e9e, explique\u00a0 notre\u00a0 interlocuteur. R\u00e9sultat des courses, soutient notre interlocuteur, la collation organis\u00e9e jeudi dernier en l\u2019honneur du\u00a0coordinateur\u00a0 d\u00e9sign\u00e9\u00a0 a\u00a0 \u00e9t\u00e9\u00a0 boud\u00e9e\u00a0 par\u00a0 la\u00a0 grande majorit\u00e9 des notaires exer\u00e7ant dans la wilaya.\u00a0<\/p>\n<\/div>\n<div id=\"text_core\" readability=\"54\">\n<p>\u25a0 Le respect des voix d\u00e9mocratiques n e constitue\u00a0 visiblement\u00a0 pas\u00a0 plus\u00a0 qu\u2019une \u00e9tranget\u00e9 au sein de la corporation des notaires. Pour\u00a0 cause, l es\u00a0 notaires\u00a0 de\u00a0 Tizi Ouzou,\u00a0 explique\u00a0 l\u2019un\u00a0 d\u2019eux,\u00a0 ont\u00a0 \u00e9lu r\u00e9cemment, \u00e0 une majorit\u00e9 \u00e9crasante, leur coordinateur de wilaya, mais, \u00e0 leur\u00a0 grande surprise, consid\u00e8re-t-il, \u201ccontre toute logique d\u00e9mocratique\u201d, ils n\u2019ont\u00a0 pas tard\u00e9\u00a0 \u00e0\u00a0 se\u00a0 retrouver\u00a0 avec\u00a0 un\u00a0 autre repr\u00e9sentant, un coordinateur d\u00e9sign\u00e9 \u00e0 partir d\u2019Alger.<\/p>\n<p>Cette\u00a0 d\u00e9signation n\u2019a\u00a0 m\u00eame\u00a0 pas\u00a0 \u00e9t\u00e9\u00a0 motiv\u00e9e, explique\u00a0 notre\u00a0 interlocuteur. R\u00e9sultat des courses, soutient notre interlocuteur, la collation organis\u00e9e jeudi dernier en l\u2019honneur du\u00a0coordinateur\u00a0 d\u00e9sign\u00e9\u00a0 a\u00a0 \u00e9t\u00e9\u00a0 boud\u00e9e\u00a0 par\u00a0 la\u00a0 grande majorit\u00e9 des notaires exer\u00e7ant dans la wilaya.\u00a0<\/p>\n<\/div>\n<p>Auteur:<br \/>\n<a href=\"https:\/\/www.liberte-algerie.com\/radar\/le-coordinateur-elu-remplace-par-un-coordinateur-designe-359546\">Cliquez ici pour lire l&rsquo;article depuis sa source.<\/a><\/p>\n","protected":false},"excerpt":{"rendered":"<p>\u25a0 Le respect des voix d\u00e9mocratiques n e constitue\u00a0 visiblement\u00a0 pas\u00a0 plus\u00a0 qu\u2019une \u00e9tranget\u00e9 au sein de la corporation des notaires. Pour\u00a0 cause, l es\u00a0 notaires\u00a0 de\u00a0 Tizi Ouzou,\u00a0 explique\u00a0 l\u2019un\u00a0 d\u2019eux,\u00a0 ont\u00a0 \u00e9lu r\u00e9cemment, \u00e0 une majorit\u00e9 \u00e9crasante, leur coordinateur de wilaya, mais, \u00e0 leur\u00a0 grande surprise, consid\u00e8re-t-il, \u201ccontre toute logique d\u00e9mocratique\u201d, ils n\u2019ont\u00a0 [&hellip;]<\/p>\n","protected":false},"author":1742,"featured_media":0,"comment_status":"closed","ping_status":"closed","sticky":false,"template":"","format":"standard","meta":{"fifu_image_url":"","fifu_image_alt":"","footnotes":""},"categories":[73,53],"tags":[],"class_list":["post-117688","post","type-post","status-publish","format-standard","hentry","category-actualite","category-algerie"],"_links":{"self":[{"href":"https:\/\/linitiative.ca\/International\/wp-json\/wp\/v2\/posts\/117688","targetHints":{"allow":["GET"]}}],"collection":[{"href":"https:\/\/linitiative.ca\/International\/wp-json\/wp\/v2\/posts"}],"about":[{"href":"https:\/\/linitiative.ca\/International\/wp-json\/wp\/v2\/types\/post"}],"author":[{"embeddable":true,"href":"https:\/\/linitiative.ca\/International\/wp-json\/wp\/v2\/users\/1742"}],"replies":[{"embeddable":true,"href":"https:\/\/linitiative.ca\/International\/wp-json\/wp\/v2\/comments?post=117688"}],"version-history":[{"count":0,"href":"https:\/\/linitiative.ca\/International\/wp-json\/wp\/v2\/posts\/117688\/revisions"}],"wp:attachment":[{"href":"https:\/\/linitiative.ca\/International\/wp-json\/wp\/v2\/media?parent=117688"}],"wp:term":[{"taxonomy":"category","embeddable":true,"href":"https:\/\/linitiative.ca\/International\/wp-json\/wp\/v2\/categories?post=117688"},{"taxonomy":"post_tag","embeddable":true,"href":"https:\/\/linitiative.ca\/International\/wp-json\/wp\/v2\/tags?post=117688"}],"curies":[{"name":"wp","href":"https:\/\/api.w.org\/{rel}","templated":true}]}}