{"id":117689,"date":"2021-05-31T05:30:00","date_gmt":"2021-05-31T09:30:00","guid":{"rendered":"https:\/\/linitiative.ca\/International\/des-citoyens-ont-nettoye-la-plage-ain-achir\/"},"modified":"2021-05-31T05:30:00","modified_gmt":"2021-05-31T09:30:00","slug":"des-citoyens-ont-nettoye-la-plage-ain-achir","status":"publish","type":"post","link":"https:\/\/linitiative.ca\/International\/des-citoyens-ont-nettoye-la-plage-ain-achir\/","title":{"rendered":"Des citoyens ont nettoy\u00e9 la plage A\u00efn Achir"},"content":{"rendered":"<div id=\"originalText\" readability=\"62\">\n<p>\u25a0 \u00c0\u00a0 l\u2019initiative\u00a0 de\u00a0 l\u2019association\u00a0 fran\u00e7aise\u00a0 Gaia\u00a0 First, une\u00a0 vaste\u00a0 op\u00e9ration de nettoyage\u00a0 a\u00a0 \u00e9t\u00e9\u00a0 organis\u00e9e\u00a0 hier,\u00a0 en\u00a0 m\u00eame\u00a0 temps,\u00a0 \u00e0\u00a0 la\u00a0 plage\u00a0 A\u00efn\u00a0 Achir (Annaba), au lac Benali (Sidi Bel-Abb\u00e8s), au Naviglio Vettabia (Milan, Italie) et \u00e0 la Playa Barceloneta (Barcelone, Espagne).<\/p>\n<p>Cette action, qui ambitionne de r\u00e9duire\u00a0 l\u2019impact\u00a0 n\u00e9gatif\u00a0 de\u00a0 l\u2019activit\u00e9 humaine sur l\u2019environnement de la plan\u00e8te, entre en droite ligne\u00a0 dans le programme de l\u2019association \u00e0 but non lucratif Gaia First, qui s\u2019est illustr\u00e9e par l\u2019organisation et le financement des activit\u00e9s de nettoyage des oc\u00e9ans afin\u00a0 de\u00a0 pr\u00e9server la vie marine et humaine.<\/p>\n<p>Il\u00a0 y\u00a0 a\u00a0 lieu\u00a0 de\u00a0 noter que\u00a0 l\u2019op\u00e9ration\u00a0 internationale\u00a0 de\u00a0 nettoyage\u00a0 d\u2019hier\u00a0 a\u00a0 \u00e9t\u00e9\u00a0 retransmise\u00a0 en\u00a0 direct\u00a0 via\u00a0 Instagram\u00a0 et\u00a0 qu\u2019elle\u00a0 a\u00a0 connu\u00a0 une\u00a0 participation relativement importante \u00e0 A\u00efn Achir.<\/p>\n<p>Les associations \u00e9cologiques en activit\u00e9 \u00e0 Annaba, \u00e0 l\u2019instar de Green Bike, et des organisations estudiantines s\u2019attellent\u00a0 \u00e0\u00a0 nettoyer\u00a0 r\u00e9guli\u00e8rement le\u00a0 littoral d\u2019Annaba,\u00a0 depuis\u00a0 les\u00a0 plages\u00a0 Fellah-Rachid\u00a0 (Saint-Cloud)\u00a0 et\u00a0 Rizzi\u00a0 Amor (Chapuis) jusqu\u2019au cap de Garde.<\/p>\n<\/div>\n<div id=\"text_core\" readability=\"62\">\n<p>\u25a0 \u00c0\u00a0 l\u2019initiative\u00a0 de\u00a0 l\u2019association\u00a0 fran\u00e7aise\u00a0 Gaia\u00a0 First, une\u00a0 vaste\u00a0 op\u00e9ration de nettoyage\u00a0 a\u00a0 \u00e9t\u00e9\u00a0 organis\u00e9e\u00a0 hier,\u00a0 en\u00a0 m\u00eame\u00a0 temps,\u00a0 \u00e0\u00a0 la\u00a0 plage\u00a0 A\u00efn\u00a0 Achir (Annaba), au lac Benali (Sidi Bel-Abb\u00e8s), au Naviglio Vettabia (Milan, Italie) et \u00e0 la Playa Barceloneta (Barcelone, Espagne).<\/p>\n<p>Cette action, qui ambitionne de r\u00e9duire\u00a0 l\u2019impact\u00a0 n\u00e9gatif\u00a0 de\u00a0 l\u2019activit\u00e9 humaine sur l\u2019environnement de la plan\u00e8te, entre en droite ligne\u00a0 dans le programme de l\u2019association \u00e0 but non lucratif Gaia First, qui s\u2019est illustr\u00e9e par l\u2019organisation et le financement des activit\u00e9s de nettoyage des oc\u00e9ans afin\u00a0 de\u00a0 pr\u00e9server la vie marine et humaine.<\/p>\n<p>Il\u00a0 y\u00a0 a\u00a0 lieu\u00a0 de\u00a0 noter que\u00a0 l\u2019op\u00e9ration\u00a0 internationale\u00a0 de\u00a0 nettoyage\u00a0 d\u2019hier\u00a0 a\u00a0 \u00e9t\u00e9\u00a0 retransmise\u00a0 en\u00a0 direct\u00a0 via\u00a0 Instagram\u00a0 et\u00a0 qu\u2019elle\u00a0 a\u00a0 connu\u00a0 une\u00a0 participation relativement importante \u00e0 A\u00efn Achir.<\/p>\n<p>Les associations \u00e9cologiques en activit\u00e9 \u00e0 Annaba, \u00e0 l\u2019instar de Green Bike, et des organisations estudiantines s\u2019attellent\u00a0 \u00e0\u00a0 nettoyer\u00a0 r\u00e9guli\u00e8rement le\u00a0 littoral d\u2019Annaba,\u00a0 depuis\u00a0 les\u00a0 plages\u00a0 Fellah-Rachid\u00a0 (Saint-Cloud)\u00a0 et\u00a0 Rizzi\u00a0 Amor (Chapuis) jusqu\u2019au cap de Garde.<\/p>\n<\/div>\n<p>Auteur:<br \/>\n<a href=\"https:\/\/www.liberte-algerie.com\/radar\/des-citoyens-ont-nettoye-la-plage-ain-achir-359545\">Cliquez ici pour lire l&rsquo;article depuis sa source.<\/a><\/p>\n","protected":false},"excerpt":{"rendered":"<p>\u25a0 \u00c0\u00a0 l\u2019initiative\u00a0 de\u00a0 l\u2019association\u00a0 fran\u00e7aise\u00a0 Gaia\u00a0 First, une\u00a0 vaste\u00a0 op\u00e9ration de nettoyage\u00a0 a\u00a0 \u00e9t\u00e9\u00a0 organis\u00e9e\u00a0 hier,\u00a0 en\u00a0 m\u00eame\u00a0 temps,\u00a0 \u00e0\u00a0 la\u00a0 plage\u00a0 A\u00efn\u00a0 Achir (Annaba), au lac Benali (Sidi Bel-Abb\u00e8s), au Naviglio Vettabia (Milan, Italie) et \u00e0 la Playa Barceloneta (Barcelone, Espagne). Cette action, qui ambitionne de r\u00e9duire\u00a0 l\u2019impact\u00a0 n\u00e9gatif\u00a0 de\u00a0 l\u2019activit\u00e9 humaine sur [&hellip;]<\/p>\n","protected":false},"author":1742,"featured_media":0,"comment_status":"closed","ping_status":"closed","sticky":false,"template":"","format":"standard","meta":{"fifu_image_url":"","fifu_image_alt":"","footnotes":""},"categories":[73,53],"tags":[],"class_list":["post-117689","post","type-post","status-publish","format-standard","hentry","category-actualite","category-algerie"],"_links":{"self":[{"href":"https:\/\/linitiative.ca\/International\/wp-json\/wp\/v2\/posts\/117689","targetHints":{"allow":["GET"]}}],"collection":[{"href":"https:\/\/linitiative.ca\/International\/wp-json\/wp\/v2\/posts"}],"about":[{"href":"https:\/\/linitiative.ca\/International\/wp-json\/wp\/v2\/types\/post"}],"author":[{"embeddable":true,"href":"https:\/\/linitiative.ca\/International\/wp-json\/wp\/v2\/users\/1742"}],"replies":[{"embeddable":true,"href":"https:\/\/linitiative.ca\/International\/wp-json\/wp\/v2\/comments?post=117689"}],"version-history":[{"count":0,"href":"https:\/\/linitiative.ca\/International\/wp-json\/wp\/v2\/posts\/117689\/revisions"}],"wp:attachment":[{"href":"https:\/\/linitiative.ca\/International\/wp-json\/wp\/v2\/media?parent=117689"}],"wp:term":[{"taxonomy":"category","embeddable":true,"href":"https:\/\/linitiative.ca\/International\/wp-json\/wp\/v2\/categories?post=117689"},{"taxonomy":"post_tag","embeddable":true,"href":"https:\/\/linitiative.ca\/International\/wp-json\/wp\/v2\/tags?post=117689"}],"curies":[{"name":"wp","href":"https:\/\/api.w.org\/{rel}","templated":true}]}}