{"id":117690,"date":"2021-05-31T05:30:00","date_gmt":"2021-05-31T09:30:00","guid":{"rendered":"https:\/\/linitiative.ca\/International\/lalgerie-encadre-une-formation-sur-la-sante-reproductive\/"},"modified":"2021-05-31T05:30:00","modified_gmt":"2021-05-31T09:30:00","slug":"lalgerie-encadre-une-formation-sur-la-sante-reproductive","status":"publish","type":"post","link":"https:\/\/linitiative.ca\/International\/lalgerie-encadre-une-formation-sur-la-sante-reproductive\/","title":{"rendered":"L\u2019Alg\u00e9rie encadre une formation sur la sant\u00e9 reproductive"},"content":{"rendered":"<div id=\"originalText\" readability=\"56\">\n<p>\u25a0 Le minist\u00e8re de la\u00a0 Sant\u00e9\u00a0 encadre\u00a0 depuis\u00a0 quelques\u00a0 semaines une op\u00e9ration de formation au profit\u00a0 de\u00a0 cadres\u00a0 du\u00a0 minist\u00e8re\u00a0 de\u00a0 la\u00a0 Sant\u00e9\u00a0 de\u00a0 la\u00a0 R\u00e9publique sahraouie. C\u2019est le\u00a0 Dr\u00a0 Le\u00efla Chouali, gyn\u00e9cologue\u00a0 \u00e0 S\u00e9tif, qui a \u00e9t\u00e9 d\u00e9sign\u00e9e pour animer les sessions\u00a0 de\u00a0 la formation\u00a0 enti\u00e8rement\u00a0 prise\u00a0 en\u00a0 charge\u00a0 par l\u2019Unicef.<\/p>\n<p>La sp\u00e9cialiste de\u00a0 S\u00e9tif, qui a d\u00e9j\u00e0\u00a0 s\u00e9journ\u00e9\u00a0 \u00e0\u00a0 Tindouf et\u00a0 au camp\u00a0 des r\u00e9fugi\u00e9s sahraouis \u00e0 El-Rabouni, a assur\u00e9\u00a0 une\u00a0 formation au profit d\u2019une quarantaine de sages-femmes du 17 au 21 mai en cours\u00a0 et\u00a0 une\u00a0seconde\u00a0 session \u00e0 partir du 28 mai. Cette derni\u00e8re prendra fin demain, 1er juin.<\/p>\n<p>Selon\u00a0 la\u00a0 sp\u00e9cialiste, outre\u00a0 les\u00a0 troubles,\u00a0 voire\u00a0 les\u00a0 cons\u00e9quences\u00a0 dues\u00a0 \u00e0 l\u2019atteinte par la Covid-19 chez la femme en g\u00e9n\u00e9ral et chez la femme enceinte en particulier, il s\u2019agit de sensibilisation et de formation des praticiennes quant aux probl\u00e8mes gyn\u00e9cologiques et troubles pour une meilleure prise en charge des femmes sahraouies.\u00a0<\/p>\n<p>La praticienne a aussi mis le focus sur le r\u00f4le\u00a0 de\u00a0 la\u00a0 sage-femme dans la salle d\u2019accouchement et comment faire\u00a0 face\u00a0 aux\u00a0 urgences\u00a0 obst\u00e9tricales\u00a0 et\u00a0 aux grossesses \u00e0 risque.<\/p>\n<\/div>\n<div id=\"text_core\" readability=\"56\">\n<p>\u25a0 Le minist\u00e8re de la\u00a0 Sant\u00e9\u00a0 encadre\u00a0 depuis\u00a0 quelques\u00a0 semaines une op\u00e9ration de formation au profit\u00a0 de\u00a0 cadres\u00a0 du\u00a0 minist\u00e8re\u00a0 de\u00a0 la\u00a0 Sant\u00e9\u00a0 de\u00a0 la\u00a0 R\u00e9publique sahraouie. C\u2019est le\u00a0 Dr\u00a0 Le\u00efla Chouali, gyn\u00e9cologue\u00a0 \u00e0 S\u00e9tif, qui a \u00e9t\u00e9 d\u00e9sign\u00e9e pour animer les sessions\u00a0 de\u00a0 la formation\u00a0 enti\u00e8rement\u00a0 prise\u00a0 en\u00a0 charge\u00a0 par l\u2019Unicef.<\/p>\n<p>La sp\u00e9cialiste de\u00a0 S\u00e9tif, qui a d\u00e9j\u00e0\u00a0 s\u00e9journ\u00e9\u00a0 \u00e0\u00a0 Tindouf et\u00a0 au camp\u00a0 des r\u00e9fugi\u00e9s sahraouis \u00e0 El-Rabouni, a assur\u00e9\u00a0 une\u00a0 formation au profit d\u2019une quarantaine de sages-femmes du 17 au 21 mai en cours\u00a0 et\u00a0 une\u00a0seconde\u00a0 session \u00e0 partir du 28 mai. Cette derni\u00e8re prendra fin demain, 1er juin.<\/p>\n<p>Selon\u00a0 la\u00a0 sp\u00e9cialiste, outre\u00a0 les\u00a0 troubles,\u00a0 voire\u00a0 les\u00a0 cons\u00e9quences\u00a0 dues\u00a0 \u00e0 l\u2019atteinte par la Covid-19 chez la femme en g\u00e9n\u00e9ral et chez la femme enceinte en particulier, il s\u2019agit de sensibilisation et de formation des praticiennes quant aux probl\u00e8mes gyn\u00e9cologiques et troubles pour une meilleure prise en charge des femmes sahraouies.\u00a0<\/p>\n<p>La praticienne a aussi mis le focus sur le r\u00f4le\u00a0 de\u00a0 la\u00a0 sage-femme dans la salle d\u2019accouchement et comment faire\u00a0 face\u00a0 aux\u00a0 urgences\u00a0 obst\u00e9tricales\u00a0 et\u00a0 aux grossesses \u00e0 risque.<\/p>\n<\/div>\n<p>Auteur:<br \/>\n<a href=\"https:\/\/www.liberte-algerie.com\/radar\/lalgerie-encadre-une-formation-sur-la-sante-reproductive-359544\">Cliquez ici pour lire l&rsquo;article depuis sa source.<\/a><\/p>\n","protected":false},"excerpt":{"rendered":"<p>\u25a0 Le minist\u00e8re de la\u00a0 Sant\u00e9\u00a0 encadre\u00a0 depuis\u00a0 quelques\u00a0 semaines une op\u00e9ration de formation au profit\u00a0 de\u00a0 cadres\u00a0 du\u00a0 minist\u00e8re\u00a0 de\u00a0 la\u00a0 Sant\u00e9\u00a0 de\u00a0 la\u00a0 R\u00e9publique sahraouie. C\u2019est le\u00a0 Dr\u00a0 Le\u00efla Chouali, gyn\u00e9cologue\u00a0 \u00e0 S\u00e9tif, qui a \u00e9t\u00e9 d\u00e9sign\u00e9e pour animer les sessions\u00a0 de\u00a0 la formation\u00a0 enti\u00e8rement\u00a0 prise\u00a0 en\u00a0 charge\u00a0 par l\u2019Unicef. La sp\u00e9cialiste de\u00a0 [&hellip;]<\/p>\n","protected":false},"author":1742,"featured_media":0,"comment_status":"closed","ping_status":"closed","sticky":false,"template":"","format":"standard","meta":{"fifu_image_url":"","fifu_image_alt":"","footnotes":""},"categories":[73,53],"tags":[],"class_list":["post-117690","post","type-post","status-publish","format-standard","hentry","category-actualite","category-algerie"],"_links":{"self":[{"href":"https:\/\/linitiative.ca\/International\/wp-json\/wp\/v2\/posts\/117690","targetHints":{"allow":["GET"]}}],"collection":[{"href":"https:\/\/linitiative.ca\/International\/wp-json\/wp\/v2\/posts"}],"about":[{"href":"https:\/\/linitiative.ca\/International\/wp-json\/wp\/v2\/types\/post"}],"author":[{"embeddable":true,"href":"https:\/\/linitiative.ca\/International\/wp-json\/wp\/v2\/users\/1742"}],"replies":[{"embeddable":true,"href":"https:\/\/linitiative.ca\/International\/wp-json\/wp\/v2\/comments?post=117690"}],"version-history":[{"count":0,"href":"https:\/\/linitiative.ca\/International\/wp-json\/wp\/v2\/posts\/117690\/revisions"}],"wp:attachment":[{"href":"https:\/\/linitiative.ca\/International\/wp-json\/wp\/v2\/media?parent=117690"}],"wp:term":[{"taxonomy":"category","embeddable":true,"href":"https:\/\/linitiative.ca\/International\/wp-json\/wp\/v2\/categories?post=117690"},{"taxonomy":"post_tag","embeddable":true,"href":"https:\/\/linitiative.ca\/International\/wp-json\/wp\/v2\/tags?post=117690"}],"curies":[{"name":"wp","href":"https:\/\/api.w.org\/{rel}","templated":true}]}}